{"id":5349,"date":"2015-09-25T22:57:41","date_gmt":"2015-09-25T22:57:41","guid":{"rendered":"http:\/\/staging.ibermusicas.org\/?p=5349"},"modified":"2021-04-05T23:01:26","modified_gmt":"2021-04-05T23:01:26","slug":"se-realizara-en-costa-rica-el-tercer-festival-internacional-de-clarinete","status":"publish","type":"post","link":"http:\/\/staging.ibermusicas.org\/index.php\/se-realizara-en-costa-rica-el-tercer-festival-internacional-de-clarinete\/","title":{"rendered":"Se realizar\u00e1 en Costa Rica el tercer Festival Internacional de Clarinete"},"content":{"rendered":"<p><span data-sheets-value=\"{&quot;1&quot;:2,&quot;2&quot;:&quot;El Festival Internacional de Clarinete 2015 de Costa Rica es una actividad que nace en el seno del Instituto Nacional de la M\u00fasica en el a\u00f1o 2013. El objetivo es desarrollar, capacitar y contribuir en la formaci\u00f3n musical, profesional de ni\u00f1os, ni\u00f1as, clarinetistas y m\u00fasicos en general a trav\u00e9s del fomento de las diferentes actividades brindadas por el mismo.-.&quot;}\" data-sheets-userformat=\"{&quot;2&quot;:513,&quot;3&quot;:{&quot;1&quot;:0},&quot;12&quot;:0}\">El Festival Internacional de Clarinete 2015 de Costa Rica es una actividad que nace en el seno del Instituto Nacional de la M\u00fasica en el a\u00f1o 2013. El objetivo es desarrollar, capacitar y contribuir en la formaci\u00f3n musical, profesional de ni\u00f1os, ni\u00f1as, clarinetistas y m\u00fasicos en general a trav\u00e9s del fomento de las diferentes actividades brindadas por el mismo.-.<\/span><\/p>\n","protected":false},"excerpt":{"rendered":"<p>El Festival Internacional de Clarinete 2015 de Costa Rica es una actividad que nace en el seno del Instituto Nacional de la M\u00fasica en el a\u00f1o 2013. El objetivo es desarrollar, capacitar y contribuir en la formaci\u00f3n musical, profesional de ni\u00f1os, ni\u00f1as, clarinetistas y m\u00fasicos en general a trav\u00e9s del fomento de las diferentes actividades [&hellip;]<\/p>\n","protected":false},"author":1,"featured_media":5350,"comment_status":"closed","ping_status":"closed","sticky":false,"template":"","format":"standard","meta":{"footnotes":""},"categories":[53],"tags":[],"class_list":["post-5349","post","type-post","status-publish","format-standard","has-post-thumbnail","hentry","category-noticias-generales"],"lang":"es","translations":{"es":5349},"pll_sync_post":[],"post_mailing_queue_ids":[],"_links":{"self":[{"href":"http:\/\/staging.ibermusicas.org\/index.php\/wp-json\/wp\/v2\/posts\/5349","targetHints":{"allow":["GET"]}}],"collection":[{"href":"http:\/\/staging.ibermusicas.org\/index.php\/wp-json\/wp\/v2\/posts"}],"about":[{"href":"http:\/\/staging.ibermusicas.org\/index.php\/wp-json\/wp\/v2\/types\/post"}],"author":[{"embeddable":true,"href":"http:\/\/staging.ibermusicas.org\/index.php\/wp-json\/wp\/v2\/users\/1"}],"replies":[{"embeddable":true,"href":"http:\/\/staging.ibermusicas.org\/index.php\/wp-json\/wp\/v2\/comments?post=5349"}],"version-history":[{"count":1,"href":"http:\/\/staging.ibermusicas.org\/index.php\/wp-json\/wp\/v2\/posts\/5349\/revisions"}],"predecessor-version":[{"id":5351,"href":"http:\/\/staging.ibermusicas.org\/index.php\/wp-json\/wp\/v2\/posts\/5349\/revisions\/5351"}],"wp:featuredmedia":[{"embeddable":true,"href":"http:\/\/staging.ibermusicas.org\/index.php\/wp-json\/wp\/v2\/media\/5350"}],"wp:attachment":[{"href":"http:\/\/staging.ibermusicas.org\/index.php\/wp-json\/wp\/v2\/media?parent=5349"}],"wp:term":[{"taxonomy":"category","embeddable":true,"href":"http:\/\/staging.ibermusicas.org\/index.php\/wp-json\/wp\/v2\/categories?post=5349"},{"taxonomy":"post_tag","embeddable":true,"href":"http:\/\/staging.ibermusicas.org\/index.php\/wp-json\/wp\/v2\/tags?post=5349"}],"curies":[{"name":"wp","href":"https:\/\/api.w.org\/{rel}","templated":true}]}}