{"id":5352,"date":"2015-09-05T23:02:12","date_gmt":"2015-09-05T23:02:12","guid":{"rendered":"http:\/\/staging.ibermusicas.org\/?p=5352"},"modified":"2021-04-05T23:04:04","modified_gmt":"2021-04-05T23:04:04","slug":"catrumano-el-duo-brasileno-de-violas-caipiras-viaja-a-chile-para-presentarse-en-el-16o-festival-internacional-de-guitarra-entrecuerdas","status":"publish","type":"post","link":"http:\/\/staging.ibermusicas.org\/index.php\/catrumano-el-duo-brasileno-de-violas-caipiras-viaja-a-chile-para-presentarse-en-el-16o-festival-internacional-de-guitarra-entrecuerdas\/","title":{"rendered":"Catrumano, el d\u00fao brasile\u00f1o de violas caipiras, viaja a Chile para presentarse en el 16\u00ba Festival Internacional de Guitarra Entrecuerdas"},"content":{"rendered":"<p><span data-sheets-value=\"{&quot;1&quot;:2,&quot;2&quot;:&quot;El Duo Catrumano, integrado por Anderson Baptista y Rodrigo Nali, se dedica a explorar las posibilidades de la Viola Caipira vali\u00e9ndose de los ritmos y las ricas armon\u00edas del cancionero brasile\u00f1o a la vez que proponen explorar nuevos caminos dentro de la m\u00fasica tradicional de Brasil.&quot;}\" data-sheets-userformat=\"{&quot;2&quot;:513,&quot;3&quot;:{&quot;1&quot;:0},&quot;12&quot;:0}\">El Duo Catrumano, integrado por Anderson Baptista y Rodrigo Nali, se dedica a explorar las posibilidades de la Viola Caipira vali\u00e9ndose de los ritmos y las ricas armon\u00edas del cancionero brasile\u00f1o a la vez que proponen explorar nuevos caminos dentro de la m\u00fasica tradicional de Brasil.<\/span><\/p>\n","protected":false},"excerpt":{"rendered":"<p>El Duo Catrumano, integrado por Anderson Baptista y Rodrigo Nali, se dedica a explorar las posibilidades de la Viola Caipira vali\u00e9ndose de los ritmos y las ricas armon\u00edas del cancionero brasile\u00f1o a la vez que proponen explorar nuevos caminos dentro de la m\u00fasica tradicional de Brasil.<\/p>\n","protected":false},"author":1,"featured_media":5353,"comment_status":"closed","ping_status":"closed","sticky":false,"template":"","format":"standard","meta":{"footnotes":""},"categories":[53],"tags":[],"class_list":["post-5352","post","type-post","status-publish","format-standard","has-post-thumbnail","hentry","category-noticias-generales"],"lang":"es","translations":{"es":5352},"pll_sync_post":[],"post_mailing_queue_ids":[],"_links":{"self":[{"href":"http:\/\/staging.ibermusicas.org\/index.php\/wp-json\/wp\/v2\/posts\/5352","targetHints":{"allow":["GET"]}}],"collection":[{"href":"http:\/\/staging.ibermusicas.org\/index.php\/wp-json\/wp\/v2\/posts"}],"about":[{"href":"http:\/\/staging.ibermusicas.org\/index.php\/wp-json\/wp\/v2\/types\/post"}],"author":[{"embeddable":true,"href":"http:\/\/staging.ibermusicas.org\/index.php\/wp-json\/wp\/v2\/users\/1"}],"replies":[{"embeddable":true,"href":"http:\/\/staging.ibermusicas.org\/index.php\/wp-json\/wp\/v2\/comments?post=5352"}],"version-history":[{"count":1,"href":"http:\/\/staging.ibermusicas.org\/index.php\/wp-json\/wp\/v2\/posts\/5352\/revisions"}],"predecessor-version":[{"id":5354,"href":"http:\/\/staging.ibermusicas.org\/index.php\/wp-json\/wp\/v2\/posts\/5352\/revisions\/5354"}],"wp:featuredmedia":[{"embeddable":true,"href":"http:\/\/staging.ibermusicas.org\/index.php\/wp-json\/wp\/v2\/media\/5353"}],"wp:attachment":[{"href":"http:\/\/staging.ibermusicas.org\/index.php\/wp-json\/wp\/v2\/media?parent=5352"}],"wp:term":[{"taxonomy":"category","embeddable":true,"href":"http:\/\/staging.ibermusicas.org\/index.php\/wp-json\/wp\/v2\/categories?post=5352"},{"taxonomy":"post_tag","embeddable":true,"href":"http:\/\/staging.ibermusicas.org\/index.php\/wp-json\/wp\/v2\/tags?post=5352"}],"curies":[{"name":"wp","href":"https:\/\/api.w.org\/{rel}","templated":true}]}}