{"id":5358,"date":"2015-10-01T23:08:18","date_gmt":"2015-10-01T23:08:18","guid":{"rendered":"http:\/\/staging.ibermusicas.org\/?p=5358"},"modified":"2021-04-05T23:10:28","modified_gmt":"2021-04-05T23:10:28","slug":"los-chapillacs-de-peru-se-presentaran-en-la-novena-edicion-del-festival-morro-stock-de-brasil","status":"publish","type":"post","link":"http:\/\/staging.ibermusicas.org\/index.php\/los-chapillacs-de-peru-se-presentaran-en-la-novena-edicion-del-festival-morro-stock-de-brasil\/","title":{"rendered":"Los Chapillacs de Per\u00fa se presentar\u00e1n en la Novena Edici\u00f3n del Festival Morro Stock de Brasil"},"content":{"rendered":"<p><span data-sheets-value=\"{&quot;1&quot;:2,&quot;2&quot;:&quot;La banda de cumbia psicodelica \u201cLos Chapillacs\u201d, nacida en 2006 en el tradicional Barrio del Solar de Arequipa viaja a Brasil para presentarse en la nueva edici\u00f3n del Festival Morro Sotck en el balneario Idone en Capela de Santana, Rio Grande do Sul. &quot;}\" data-sheets-userformat=\"{&quot;2&quot;:513,&quot;3&quot;:{&quot;1&quot;:0},&quot;12&quot;:0}\">La banda de cumbia psicodelica \u201cLos Chapillacs\u201d, nacida en 2006 en el tradicional Barrio del Solar de Arequipa viaja a Brasil para presentarse en la nueva edici\u00f3n del Festival Morro Sotck en el balneario Idone en Capela de Santana, Rio Grande do Sul. <\/span><\/p>\n","protected":false},"excerpt":{"rendered":"<p>La banda de cumbia psicodelica \u201cLos Chapillacs\u201d, nacida en 2006 en el tradicional Barrio del Solar de Arequipa viaja a Brasil para presentarse en la nueva edici\u00f3n del Festival Morro Sotck en el balneario Idone en Capela de Santana, Rio Grande do Sul.<\/p>\n","protected":false},"author":1,"featured_media":5359,"comment_status":"closed","ping_status":"closed","sticky":false,"template":"","format":"standard","meta":{"footnotes":""},"categories":[53],"tags":[],"class_list":["post-5358","post","type-post","status-publish","format-standard","has-post-thumbnail","hentry","category-noticias-generales"],"lang":"es","translations":{"es":5358},"pll_sync_post":[],"post_mailing_queue_ids":[],"_links":{"self":[{"href":"http:\/\/staging.ibermusicas.org\/index.php\/wp-json\/wp\/v2\/posts\/5358","targetHints":{"allow":["GET"]}}],"collection":[{"href":"http:\/\/staging.ibermusicas.org\/index.php\/wp-json\/wp\/v2\/posts"}],"about":[{"href":"http:\/\/staging.ibermusicas.org\/index.php\/wp-json\/wp\/v2\/types\/post"}],"author":[{"embeddable":true,"href":"http:\/\/staging.ibermusicas.org\/index.php\/wp-json\/wp\/v2\/users\/1"}],"replies":[{"embeddable":true,"href":"http:\/\/staging.ibermusicas.org\/index.php\/wp-json\/wp\/v2\/comments?post=5358"}],"version-history":[{"count":1,"href":"http:\/\/staging.ibermusicas.org\/index.php\/wp-json\/wp\/v2\/posts\/5358\/revisions"}],"predecessor-version":[{"id":5360,"href":"http:\/\/staging.ibermusicas.org\/index.php\/wp-json\/wp\/v2\/posts\/5358\/revisions\/5360"}],"wp:featuredmedia":[{"embeddable":true,"href":"http:\/\/staging.ibermusicas.org\/index.php\/wp-json\/wp\/v2\/media\/5359"}],"wp:attachment":[{"href":"http:\/\/staging.ibermusicas.org\/index.php\/wp-json\/wp\/v2\/media?parent=5358"}],"wp:term":[{"taxonomy":"category","embeddable":true,"href":"http:\/\/staging.ibermusicas.org\/index.php\/wp-json\/wp\/v2\/categories?post=5358"},{"taxonomy":"post_tag","embeddable":true,"href":"http:\/\/staging.ibermusicas.org\/index.php\/wp-json\/wp\/v2\/tags?post=5358"}],"curies":[{"name":"wp","href":"https:\/\/api.w.org\/{rel}","templated":true}]}}