{"id":5372,"date":"2015-07-06T19:21:00","date_gmt":"2015-07-06T19:21:00","guid":{"rendered":"http:\/\/staging.ibermusicas.org\/?p=5372"},"modified":"2021-04-06T19:23:20","modified_gmt":"2021-04-06T19:23:20","slug":"en-el-marco-del-1-encuentro-de-de-musica-contemporanea-de-fortaleza-2015-en-ceara-brasil-se-presentara-el-ensamble-de-solistas-de-la-escuela-superior-de-musica-de-la-provincia-de-salta-de","status":"publish","type":"post","link":"http:\/\/staging.ibermusicas.org\/index.php\/en-el-marco-del-1-encuentro-de-de-musica-contemporanea-de-fortaleza-2015-en-ceara-brasil-se-presentara-el-ensamble-de-solistas-de-la-escuela-superior-de-musica-de-la-provincia-de-salta-de\/","title":{"rendered":"En el marco del 1\u00b0 Encuentro de de M\u00fasica Contempor\u00e1nea de Fortaleza 2015 en Cear\u00e1, Brasil, se presentar\u00e1 el \u00abEnsamble de Solistas de la Escuela Superior de M\u00fasica de la Provincia de Salta\u00bb de Argentina"},"content":{"rendered":"<p><span data-sheets-value=\"{&quot;1&quot;:2,&quot;2&quot;:&quot;El Ensamble de Solistas de la Escuela Superior de M\u00fasica de la Provincia de Salta \u201cJos\u00e9 Lo G\u00edudice\u201d, dirigido por el maestro Jorge Diego V\u00e1zquez Salvagno es una agrupaci\u00f3n musical comprometida en difundir la producci\u00f3n musical actual de compositores latinoamericanos, especialmente la producci\u00f3n de compositores argentinos en actividad.&quot;}\" data-sheets-userformat=\"{&quot;2&quot;:513,&quot;3&quot;:{&quot;1&quot;:0},&quot;12&quot;:0}\">El Ensamble de Solistas de la Escuela Superior de M\u00fasica de la Provincia de Salta \u201cJos\u00e9 Lo G\u00edudice\u201d, dirigido por el maestro Jorge Diego V\u00e1zquez Salvagno es una agrupaci\u00f3n musical comprometida en difundir la producci\u00f3n musical actual de compositores latinoamericanos, especialmente la producci\u00f3n de compositores argentinos en actividad.<\/span><\/p>\n","protected":false},"excerpt":{"rendered":"<p>El Ensamble de Solistas de la Escuela Superior de M\u00fasica de la Provincia de Salta \u201cJos\u00e9 Lo G\u00edudice\u201d, dirigido por el maestro Jorge Diego V\u00e1zquez Salvagno es una agrupaci\u00f3n musical comprometida en difundir la producci\u00f3n musical actual de compositores latinoamericanos, especialmente la producci\u00f3n de compositores argentinos en actividad.<\/p>\n","protected":false},"author":1,"featured_media":5373,"comment_status":"closed","ping_status":"closed","sticky":false,"template":"","format":"standard","meta":{"footnotes":""},"categories":[53],"tags":[],"class_list":["post-5372","post","type-post","status-publish","format-standard","has-post-thumbnail","hentry","category-noticias-generales"],"lang":"es","translations":{"es":5372},"pll_sync_post":[],"post_mailing_queue_ids":[],"_links":{"self":[{"href":"http:\/\/staging.ibermusicas.org\/index.php\/wp-json\/wp\/v2\/posts\/5372","targetHints":{"allow":["GET"]}}],"collection":[{"href":"http:\/\/staging.ibermusicas.org\/index.php\/wp-json\/wp\/v2\/posts"}],"about":[{"href":"http:\/\/staging.ibermusicas.org\/index.php\/wp-json\/wp\/v2\/types\/post"}],"author":[{"embeddable":true,"href":"http:\/\/staging.ibermusicas.org\/index.php\/wp-json\/wp\/v2\/users\/1"}],"replies":[{"embeddable":true,"href":"http:\/\/staging.ibermusicas.org\/index.php\/wp-json\/wp\/v2\/comments?post=5372"}],"version-history":[{"count":1,"href":"http:\/\/staging.ibermusicas.org\/index.php\/wp-json\/wp\/v2\/posts\/5372\/revisions"}],"predecessor-version":[{"id":5374,"href":"http:\/\/staging.ibermusicas.org\/index.php\/wp-json\/wp\/v2\/posts\/5372\/revisions\/5374"}],"wp:featuredmedia":[{"embeddable":true,"href":"http:\/\/staging.ibermusicas.org\/index.php\/wp-json\/wp\/v2\/media\/5373"}],"wp:attachment":[{"href":"http:\/\/staging.ibermusicas.org\/index.php\/wp-json\/wp\/v2\/media?parent=5372"}],"wp:term":[{"taxonomy":"category","embeddable":true,"href":"http:\/\/staging.ibermusicas.org\/index.php\/wp-json\/wp\/v2\/categories?post=5372"},{"taxonomy":"post_tag","embeddable":true,"href":"http:\/\/staging.ibermusicas.org\/index.php\/wp-json\/wp\/v2\/tags?post=5372"}],"curies":[{"name":"wp","href":"https:\/\/api.w.org\/{rel}","templated":true}]}}