{"id":5375,"date":"2015-10-06T19:23:39","date_gmt":"2015-10-06T19:23:39","guid":{"rendered":"http:\/\/staging.ibermusicas.org\/?p=5375"},"modified":"2021-04-06T19:25:14","modified_gmt":"2021-04-06T19:25:14","slug":"se-realiza-en-mexico-el-decimo-festival-tradiciones-vida-y-muerte-2015-con-la-presencia-de-artistas-colombianos-apoyados-por-ibermusicas","status":"publish","type":"post","link":"http:\/\/staging.ibermusicas.org\/index.php\/se-realiza-en-mexico-el-decimo-festival-tradiciones-vida-y-muerte-2015-con-la-presencia-de-artistas-colombianos-apoyados-por-ibermusicas\/","title":{"rendered":"Se realiza en M\u00e9xico el d\u00e9cimo \u00abFestival Tradiciones Vida y Muerte 2015\u00bb con la presencia de artistas colombianos apoyados por Iberm\u00fasicas"},"content":{"rendered":"<p><span data-sheets-value=\"{&quot;1&quot;:2,&quot;2&quot;:&quot;En un viaje hasta la \u00e9poca prehisp\u00e1nica para formar parte de una celebraci\u00f3n \u00fanica en el mundo: el D\u00eda de Muertos, se realiza entre el 30 de octubre al 2 de noviembre el d\u00e9cimo Festival Tradiciones de Vida y Muerte en el parque Xcaret de la Riviera Maya tapizado con el amarillo y naranja de las flores de cempas\u00fachil, del baile, la m\u00fasica y los aromas del poc chuc y el mucbipollo que les dar\u00e1n la bienvenida a los Fieles Difuntos. &quot;}\" data-sheets-userformat=\"{&quot;2&quot;:513,&quot;3&quot;:{&quot;1&quot;:0},&quot;12&quot;:0}\">En un viaje hasta la \u00e9poca prehisp\u00e1nica para formar parte de una celebraci\u00f3n \u00fanica en el mundo: el D\u00eda de Muertos, se realiza entre el 30 de octubre al 2 de noviembre el d\u00e9cimo Festival Tradiciones de Vida y Muerte en el parque Xcaret de la Riviera Maya tapizado con el amarillo y naranja de las flores de cempas\u00fachil, del baile, la m\u00fasica y los aromas del poc chuc y el mucbipollo que les dar\u00e1n la bienvenida a los Fieles Difuntos. <\/span><\/p>\n","protected":false},"excerpt":{"rendered":"<p>En un viaje hasta la \u00e9poca prehisp\u00e1nica para formar parte de una celebraci\u00f3n \u00fanica en el mundo: el D\u00eda de Muertos, se realiza entre el 30 de octubre al 2 de noviembre el d\u00e9cimo Festival Tradiciones de Vida y Muerte en el parque Xcaret de la Riviera Maya tapizado con el amarillo y naranja de [&hellip;]<\/p>\n","protected":false},"author":1,"featured_media":5376,"comment_status":"closed","ping_status":"closed","sticky":false,"template":"","format":"standard","meta":{"footnotes":""},"categories":[53],"tags":[],"class_list":["post-5375","post","type-post","status-publish","format-standard","has-post-thumbnail","hentry","category-noticias-generales"],"lang":"es","translations":{"es":5375},"pll_sync_post":[],"post_mailing_queue_ids":[],"_links":{"self":[{"href":"http:\/\/staging.ibermusicas.org\/index.php\/wp-json\/wp\/v2\/posts\/5375","targetHints":{"allow":["GET"]}}],"collection":[{"href":"http:\/\/staging.ibermusicas.org\/index.php\/wp-json\/wp\/v2\/posts"}],"about":[{"href":"http:\/\/staging.ibermusicas.org\/index.php\/wp-json\/wp\/v2\/types\/post"}],"author":[{"embeddable":true,"href":"http:\/\/staging.ibermusicas.org\/index.php\/wp-json\/wp\/v2\/users\/1"}],"replies":[{"embeddable":true,"href":"http:\/\/staging.ibermusicas.org\/index.php\/wp-json\/wp\/v2\/comments?post=5375"}],"version-history":[{"count":1,"href":"http:\/\/staging.ibermusicas.org\/index.php\/wp-json\/wp\/v2\/posts\/5375\/revisions"}],"predecessor-version":[{"id":5377,"href":"http:\/\/staging.ibermusicas.org\/index.php\/wp-json\/wp\/v2\/posts\/5375\/revisions\/5377"}],"wp:featuredmedia":[{"embeddable":true,"href":"http:\/\/staging.ibermusicas.org\/index.php\/wp-json\/wp\/v2\/media\/5376"}],"wp:attachment":[{"href":"http:\/\/staging.ibermusicas.org\/index.php\/wp-json\/wp\/v2\/media?parent=5375"}],"wp:term":[{"taxonomy":"category","embeddable":true,"href":"http:\/\/staging.ibermusicas.org\/index.php\/wp-json\/wp\/v2\/categories?post=5375"},{"taxonomy":"post_tag","embeddable":true,"href":"http:\/\/staging.ibermusicas.org\/index.php\/wp-json\/wp\/v2\/tags?post=5375"}],"curies":[{"name":"wp","href":"https:\/\/api.w.org\/{rel}","templated":true}]}}