{"id":5378,"date":"2015-09-18T19:25:24","date_gmt":"2015-09-18T19:25:24","guid":{"rendered":"http:\/\/staging.ibermusicas.org\/?p=5378"},"modified":"2021-04-06T19:26:54","modified_gmt":"2021-04-06T19:26:54","slug":"se-realiza-en-colombia-el-v-festival-internacional-latinoamerica-de-concierto-con-el-apoyo-de-ibermusicas-se-presentara-el-grupo-argentino-opus-cuatro","status":"publish","type":"post","link":"http:\/\/staging.ibermusicas.org\/index.php\/se-realiza-en-colombia-el-v-festival-internacional-latinoamerica-de-concierto-con-el-apoyo-de-ibermusicas-se-presentara-el-grupo-argentino-opus-cuatro\/","title":{"rendered":"Se realiza en Colombia el \u00abV Festival Internacional Latinoam\u00e9rica de Concierto\u00bb. Con el apoyo de Iberm\u00fasicas se presentar\u00e1 el grupo argentino Opus Cuatro"},"content":{"rendered":"<p><span data-sheets-value=\"{&quot;1&quot;:2,&quot;2&quot;:&quot;Se llevar\u00e1 a cabo en Colombia la quinta edici\u00f3n del Festival Internacional Latinoam\u00e9rica de Concierto con la presencia de solistas y agrupaciones de Argentina, Bolivia, Chile, Colombia, Espa\u00f1a, Jap\u00f3n, Per\u00fa, Portugal y Venezuela que trabajan el v\u00ednculo entre la m\u00fasica acad\u00e9mica y la tradici\u00f3n popular. &quot;}\" data-sheets-userformat=\"{&quot;2&quot;:513,&quot;3&quot;:{&quot;1&quot;:0},&quot;12&quot;:0}\">Se llevar\u00e1 a cabo en Colombia la quinta edici\u00f3n del Festival Internacional Latinoam\u00e9rica de Concierto con la presencia de solistas y agrupaciones de Argentina, Bolivia, Chile, Colombia, Espa\u00f1a, Jap\u00f3n, Per\u00fa, Portugal y Venezuela que trabajan el v\u00ednculo entre la m\u00fasica acad\u00e9mica y la tradici\u00f3n popular. <\/span><\/p>\n","protected":false},"excerpt":{"rendered":"<p>Se llevar\u00e1 a cabo en Colombia la quinta edici\u00f3n del Festival Internacional Latinoam\u00e9rica de Concierto con la presencia de solistas y agrupaciones de Argentina, Bolivia, Chile, Colombia, Espa\u00f1a, Jap\u00f3n, Per\u00fa, Portugal y Venezuela que trabajan el v\u00ednculo entre la m\u00fasica acad\u00e9mica y la tradici\u00f3n popular.<\/p>\n","protected":false},"author":1,"featured_media":5379,"comment_status":"closed","ping_status":"closed","sticky":false,"template":"","format":"standard","meta":{"footnotes":""},"categories":[53],"tags":[],"class_list":["post-5378","post","type-post","status-publish","format-standard","has-post-thumbnail","hentry","category-noticias-generales"],"lang":"es","translations":{"es":5378},"pll_sync_post":[],"post_mailing_queue_ids":[],"_links":{"self":[{"href":"http:\/\/staging.ibermusicas.org\/index.php\/wp-json\/wp\/v2\/posts\/5378","targetHints":{"allow":["GET"]}}],"collection":[{"href":"http:\/\/staging.ibermusicas.org\/index.php\/wp-json\/wp\/v2\/posts"}],"about":[{"href":"http:\/\/staging.ibermusicas.org\/index.php\/wp-json\/wp\/v2\/types\/post"}],"author":[{"embeddable":true,"href":"http:\/\/staging.ibermusicas.org\/index.php\/wp-json\/wp\/v2\/users\/1"}],"replies":[{"embeddable":true,"href":"http:\/\/staging.ibermusicas.org\/index.php\/wp-json\/wp\/v2\/comments?post=5378"}],"version-history":[{"count":1,"href":"http:\/\/staging.ibermusicas.org\/index.php\/wp-json\/wp\/v2\/posts\/5378\/revisions"}],"predecessor-version":[{"id":5380,"href":"http:\/\/staging.ibermusicas.org\/index.php\/wp-json\/wp\/v2\/posts\/5378\/revisions\/5380"}],"wp:featuredmedia":[{"embeddable":true,"href":"http:\/\/staging.ibermusicas.org\/index.php\/wp-json\/wp\/v2\/media\/5379"}],"wp:attachment":[{"href":"http:\/\/staging.ibermusicas.org\/index.php\/wp-json\/wp\/v2\/media?parent=5378"}],"wp:term":[{"taxonomy":"category","embeddable":true,"href":"http:\/\/staging.ibermusicas.org\/index.php\/wp-json\/wp\/v2\/categories?post=5378"},{"taxonomy":"post_tag","embeddable":true,"href":"http:\/\/staging.ibermusicas.org\/index.php\/wp-json\/wp\/v2\/tags?post=5378"}],"curies":[{"name":"wp","href":"https:\/\/api.w.org\/{rel}","templated":true}]}}