{"id":5390,"date":"2015-10-11T19:34:29","date_gmt":"2015-10-11T19:34:29","guid":{"rendered":"http:\/\/staging.ibermusicas.org\/?p=5390"},"modified":"2021-04-06T19:35:44","modified_gmt":"2021-04-06T19:35:44","slug":"se-realiza-en-la-ciudad-de-mexico-el-coloquio-iberoamericano-sobre-investigacion-musical-2015","status":"publish","type":"post","link":"http:\/\/staging.ibermusicas.org\/index.php\/se-realiza-en-la-ciudad-de-mexico-el-coloquio-iberoamericano-sobre-investigacion-musical-2015\/","title":{"rendered":"Se realiza en la Ciudad de M\u00e9xico el \u00abColoquio Iberoamericano sobre Investigaci\u00f3n Musical 2015\u00bb"},"content":{"rendered":"<p><span data-sheets-value=\"{&quot;1&quot;:2,&quot;2&quot;:&quot;Re\u00fane especialistas de Argentina, Brasil, Chile, Colombia, Costa Rica, Paraguay, Per\u00fa, Uruguay y M\u00e9xico.\\r \\r Es necesario conocer el estado del arte de la investigaci\u00f3n musical en nuestra regi\u00f3n: Sergio Ram\u00edrez C\u00e1rdenas.&quot;}\" data-sheets-userformat=\"{&quot;2&quot;:513,&quot;3&quot;:{&quot;1&quot;:0},&quot;12&quot;:0}\">Re\u00fane especialistas de Argentina, Brasil, Chile, Colombia, Costa Rica, Paraguay, Per\u00fa, Uruguay y M\u00e9xico. Es necesario conocer el estado del arte de la investigaci\u00f3n musical en nuestra regi\u00f3n: Sergio Ram\u00edrez C\u00e1rdenas.<\/span><\/p>\n","protected":false},"excerpt":{"rendered":"<p>Re\u00fane especialistas de Argentina, Brasil, Chile, Colombia, Costa Rica, Paraguay, Per\u00fa, Uruguay y M\u00e9xico. Es necesario conocer el estado del arte de la investigaci\u00f3n musical en nuestra regi\u00f3n: Sergio Ram\u00edrez C\u00e1rdenas.<\/p>\n","protected":false},"author":1,"featured_media":5391,"comment_status":"closed","ping_status":"closed","sticky":false,"template":"","format":"standard","meta":{"footnotes":""},"categories":[53],"tags":[],"class_list":["post-5390","post","type-post","status-publish","format-standard","has-post-thumbnail","hentry","category-noticias-generales"],"lang":"es","translations":{"es":5390},"pll_sync_post":[],"post_mailing_queue_ids":[],"_links":{"self":[{"href":"http:\/\/staging.ibermusicas.org\/index.php\/wp-json\/wp\/v2\/posts\/5390","targetHints":{"allow":["GET"]}}],"collection":[{"href":"http:\/\/staging.ibermusicas.org\/index.php\/wp-json\/wp\/v2\/posts"}],"about":[{"href":"http:\/\/staging.ibermusicas.org\/index.php\/wp-json\/wp\/v2\/types\/post"}],"author":[{"embeddable":true,"href":"http:\/\/staging.ibermusicas.org\/index.php\/wp-json\/wp\/v2\/users\/1"}],"replies":[{"embeddable":true,"href":"http:\/\/staging.ibermusicas.org\/index.php\/wp-json\/wp\/v2\/comments?post=5390"}],"version-history":[{"count":1,"href":"http:\/\/staging.ibermusicas.org\/index.php\/wp-json\/wp\/v2\/posts\/5390\/revisions"}],"predecessor-version":[{"id":5392,"href":"http:\/\/staging.ibermusicas.org\/index.php\/wp-json\/wp\/v2\/posts\/5390\/revisions\/5392"}],"wp:featuredmedia":[{"embeddable":true,"href":"http:\/\/staging.ibermusicas.org\/index.php\/wp-json\/wp\/v2\/media\/5391"}],"wp:attachment":[{"href":"http:\/\/staging.ibermusicas.org\/index.php\/wp-json\/wp\/v2\/media?parent=5390"}],"wp:term":[{"taxonomy":"category","embeddable":true,"href":"http:\/\/staging.ibermusicas.org\/index.php\/wp-json\/wp\/v2\/categories?post=5390"},{"taxonomy":"post_tag","embeddable":true,"href":"http:\/\/staging.ibermusicas.org\/index.php\/wp-json\/wp\/v2\/tags?post=5390"}],"curies":[{"name":"wp","href":"https:\/\/api.w.org\/{rel}","templated":true}]}}