{"id":5393,"date":"2015-10-09T19:36:11","date_gmt":"2015-10-09T19:36:11","guid":{"rendered":"http:\/\/staging.ibermusicas.org\/?p=5393"},"modified":"2021-04-06T19:37:28","modified_gmt":"2021-04-06T19:37:28","slug":"evento-que-busca-promover-redes-colaborativas-en-los-sectores-de-artes-escenicas-musica-y-audiovisual-se-realizara-en-la-casa-de-la-cultura-de-cusco-el-15-16-y-17-de-octubre","status":"publish","type":"post","link":"http:\/\/staging.ibermusicas.org\/index.php\/evento-que-busca-promover-redes-colaborativas-en-los-sectores-de-artes-escenicas-musica-y-audiovisual-se-realizara-en-la-casa-de-la-cultura-de-cusco-el-15-16-y-17-de-octubre\/","title":{"rendered":"Evento que busca promover redes colaborativas en los sectores de artes esc\u00e9nicas, m\u00fasica y audiovisual, se realizar\u00e1 en la Casa de la Cultura de Cusco el 15, 16 y 17 de octubre."},"content":{"rendered":"<p><span data-sheets-value=\"{&quot;1&quot;:2,&quot;2&quot;:&quot;Evento que busca promover redes colaborativas en los sectores de artes esc\u00e9nicas, m\u00fasica y audiovisual, se realizar\u00e1 en la Casa de la Cultura de Cusco el 15, 16 y 17 de octubre.&quot;}\" data-sheets-userformat=\"{&quot;2&quot;:513,&quot;3&quot;:{&quot;1&quot;:0},&quot;12&quot;:0}\">Evento que busca promover redes colaborativas en los sectores de artes esc\u00e9nicas, m\u00fasica y audiovisual, se realizar\u00e1 en la Casa de la Cultura de Cusco el 15, 16 y 17 de octubre.<\/span><\/p>\n","protected":false},"excerpt":{"rendered":"<p>Evento que busca promover redes colaborativas en los sectores de artes esc\u00e9nicas, m\u00fasica y audiovisual, se realizar\u00e1 en la Casa de la Cultura de Cusco el 15, 16 y 17 de octubre.<\/p>\n","protected":false},"author":1,"featured_media":5394,"comment_status":"closed","ping_status":"closed","sticky":false,"template":"","format":"standard","meta":{"footnotes":""},"categories":[53],"tags":[],"class_list":["post-5393","post","type-post","status-publish","format-standard","has-post-thumbnail","hentry","category-noticias-generales"],"lang":"es","translations":{"es":5393},"pll_sync_post":[],"post_mailing_queue_ids":[],"_links":{"self":[{"href":"http:\/\/staging.ibermusicas.org\/index.php\/wp-json\/wp\/v2\/posts\/5393","targetHints":{"allow":["GET"]}}],"collection":[{"href":"http:\/\/staging.ibermusicas.org\/index.php\/wp-json\/wp\/v2\/posts"}],"about":[{"href":"http:\/\/staging.ibermusicas.org\/index.php\/wp-json\/wp\/v2\/types\/post"}],"author":[{"embeddable":true,"href":"http:\/\/staging.ibermusicas.org\/index.php\/wp-json\/wp\/v2\/users\/1"}],"replies":[{"embeddable":true,"href":"http:\/\/staging.ibermusicas.org\/index.php\/wp-json\/wp\/v2\/comments?post=5393"}],"version-history":[{"count":1,"href":"http:\/\/staging.ibermusicas.org\/index.php\/wp-json\/wp\/v2\/posts\/5393\/revisions"}],"predecessor-version":[{"id":5395,"href":"http:\/\/staging.ibermusicas.org\/index.php\/wp-json\/wp\/v2\/posts\/5393\/revisions\/5395"}],"wp:featuredmedia":[{"embeddable":true,"href":"http:\/\/staging.ibermusicas.org\/index.php\/wp-json\/wp\/v2\/media\/5394"}],"wp:attachment":[{"href":"http:\/\/staging.ibermusicas.org\/index.php\/wp-json\/wp\/v2\/media?parent=5393"}],"wp:term":[{"taxonomy":"category","embeddable":true,"href":"http:\/\/staging.ibermusicas.org\/index.php\/wp-json\/wp\/v2\/categories?post=5393"},{"taxonomy":"post_tag","embeddable":true,"href":"http:\/\/staging.ibermusicas.org\/index.php\/wp-json\/wp\/v2\/tags?post=5393"}],"curies":[{"name":"wp","href":"https:\/\/api.w.org\/{rel}","templated":true}]}}