{"id":5396,"date":"2015-11-06T19:37:46","date_gmt":"2015-11-06T19:37:46","guid":{"rendered":"http:\/\/staging.ibermusicas.org\/?p=5396"},"modified":"2021-04-06T19:39:06","modified_gmt":"2021-04-06T19:39:06","slug":"alejandro-y-maria-laura-el-aclamado-duo-peruano-de-musica-indie-folk-se-presentara-en-buenos-aires-rosario-y-santiago-de-chile","status":"publish","type":"post","link":"http:\/\/staging.ibermusicas.org\/index.php\/alejandro-y-maria-laura-el-aclamado-duo-peruano-de-musica-indie-folk-se-presentara-en-buenos-aires-rosario-y-santiago-de-chile\/","title":{"rendered":"Alejandro y Mar\u00eda Laura, el aclamado d\u00fao peruano de m\u00fasica indie folk se presentar\u00e1 en Buenos Aires, Rosario y Santiago de Chile"},"content":{"rendered":"<p><span data-sheets-value=\"{&quot;1&quot;:2,&quot;2&quot;:&quot;Alejandro y Maria Laura son cantautores inconformes con la estructura habitual de la canci\u00f3n pop. Su sonido es una mezcla de los gustos rockeros progresivos de Alejandro y la obsesi\u00f3n de Mar\u00eda Laura por armonizar a voces cualquier nota abandonada. Sus discos \\&quot;Paraca\u00eddas\\&quot; (2011) y \\&quot;Fiesta para los muertos\\&quot; (2013) fueron producidos por Mat\u00edas Cella (productor musical de Jorge Drexler) y cuentan con colaboraciones de Susana Baca y Kevin Johansen.&quot;}\" data-sheets-userformat=\"{&quot;2&quot;:513,&quot;3&quot;:{&quot;1&quot;:0},&quot;12&quot;:0}\">Alejandro y Maria Laura son cantautores inconformes con la estructura habitual de la canci\u00f3n pop. Su sonido es una mezcla de los gustos rockeros progresivos de Alejandro y la obsesi\u00f3n de Mar\u00eda Laura por armonizar a voces cualquier nota abandonada. Sus discos \u00abParaca\u00eddas\u00bb (2011) y \u00abFiesta para los muertos\u00bb (2013) fueron producidos por Mat\u00edas Cella (productor musical de Jorge Drexler) y cuentan con colaboraciones de Susana Baca y Kevin Johansen.<\/span><\/p>\n","protected":false},"excerpt":{"rendered":"<p>Alejandro y Maria Laura son cantautores inconformes con la estructura habitual de la canci\u00f3n pop. Su sonido es una mezcla de los gustos rockeros progresivos de Alejandro y la obsesi\u00f3n de Mar\u00eda Laura por armonizar a voces cualquier nota abandonada. Sus discos \u00abParaca\u00eddas\u00bb (2011) y \u00abFiesta para los muertos\u00bb (2013) fueron producidos por Mat\u00edas Cella [&hellip;]<\/p>\n","protected":false},"author":1,"featured_media":5397,"comment_status":"closed","ping_status":"closed","sticky":false,"template":"","format":"standard","meta":{"footnotes":""},"categories":[53],"tags":[],"class_list":["post-5396","post","type-post","status-publish","format-standard","has-post-thumbnail","hentry","category-noticias-generales"],"lang":"es","translations":{"es":5396},"pll_sync_post":[],"post_mailing_queue_ids":[],"_links":{"self":[{"href":"http:\/\/staging.ibermusicas.org\/index.php\/wp-json\/wp\/v2\/posts\/5396","targetHints":{"allow":["GET"]}}],"collection":[{"href":"http:\/\/staging.ibermusicas.org\/index.php\/wp-json\/wp\/v2\/posts"}],"about":[{"href":"http:\/\/staging.ibermusicas.org\/index.php\/wp-json\/wp\/v2\/types\/post"}],"author":[{"embeddable":true,"href":"http:\/\/staging.ibermusicas.org\/index.php\/wp-json\/wp\/v2\/users\/1"}],"replies":[{"embeddable":true,"href":"http:\/\/staging.ibermusicas.org\/index.php\/wp-json\/wp\/v2\/comments?post=5396"}],"version-history":[{"count":1,"href":"http:\/\/staging.ibermusicas.org\/index.php\/wp-json\/wp\/v2\/posts\/5396\/revisions"}],"predecessor-version":[{"id":5398,"href":"http:\/\/staging.ibermusicas.org\/index.php\/wp-json\/wp\/v2\/posts\/5396\/revisions\/5398"}],"wp:featuredmedia":[{"embeddable":true,"href":"http:\/\/staging.ibermusicas.org\/index.php\/wp-json\/wp\/v2\/media\/5397"}],"wp:attachment":[{"href":"http:\/\/staging.ibermusicas.org\/index.php\/wp-json\/wp\/v2\/media?parent=5396"}],"wp:term":[{"taxonomy":"category","embeddable":true,"href":"http:\/\/staging.ibermusicas.org\/index.php\/wp-json\/wp\/v2\/categories?post=5396"},{"taxonomy":"post_tag","embeddable":true,"href":"http:\/\/staging.ibermusicas.org\/index.php\/wp-json\/wp\/v2\/tags?post=5396"}],"curies":[{"name":"wp","href":"https:\/\/api.w.org\/{rel}","templated":true}]}}