{"id":5399,"date":"2015-11-10T19:39:28","date_gmt":"2015-11-10T19:39:28","guid":{"rendered":"http:\/\/staging.ibermusicas.org\/?p=5399"},"modified":"2021-04-06T19:41:04","modified_gmt":"2021-04-06T19:41:04","slug":"bandecuerpo-la-agrupacion-uruguaya-de-percusion-corporal-viaja-a-chile-para-presentarse-en-la-makinita-encuentro-de-musica-latinoamericana","status":"publish","type":"post","link":"http:\/\/staging.ibermusicas.org\/index.php\/bandecuerpo-la-agrupacion-uruguaya-de-percusion-corporal-viaja-a-chile-para-presentarse-en-la-makinita-encuentro-de-musica-latinoamericana\/","title":{"rendered":"Bandecuerpo, la agrupaci\u00f3n uruguaya de percusi\u00f3n corporal viaja a chile para presentarse en \u201cLa Makinita Encuentro de m\u00fasica latinoamericana\u201d"},"content":{"rendered":"<p><span data-sheets-value=\"{&quot;1&quot;:2,&quot;2&quot;:&quot;Bandecuerpo, M\u00fasica Corporal surge en Montevideo Uruguay, en el a\u00f1o 2009 como una plataforma de investigaci\u00f3n y experimentaci\u00f3n de la m\u00fasica corporal. Realizan un espect\u00e1culo con creaciones propias y de m\u00fasica exclusivamente corporal utilizando la percusi\u00f3n corporal y la voz como base de composici\u00f3n; conjugando el cuerpo, el espacio y el sonido. &quot;}\" data-sheets-userformat=\"{&quot;2&quot;:513,&quot;3&quot;:{&quot;1&quot;:0},&quot;12&quot;:0}\">Bandecuerpo, M\u00fasica Corporal surge en Montevideo Uruguay, en el a\u00f1o 2009 como una plataforma de investigaci\u00f3n y experimentaci\u00f3n de la m\u00fasica corporal. Realizan un espect\u00e1culo con creaciones propias y de m\u00fasica exclusivamente corporal utilizando la percusi\u00f3n corporal y la voz como base de composici\u00f3n; conjugando el cuerpo, el espacio y el sonido. <\/span><\/p>\n","protected":false},"excerpt":{"rendered":"<p>Bandecuerpo, M\u00fasica Corporal surge en Montevideo Uruguay, en el a\u00f1o 2009 como una plataforma de investigaci\u00f3n y experimentaci\u00f3n de la m\u00fasica corporal. Realizan un espect\u00e1culo con creaciones propias y de m\u00fasica exclusivamente corporal utilizando la percusi\u00f3n corporal y la voz como base de composici\u00f3n; conjugando el cuerpo, el espacio y el sonido.<\/p>\n","protected":false},"author":1,"featured_media":5400,"comment_status":"closed","ping_status":"closed","sticky":false,"template":"","format":"standard","meta":{"footnotes":""},"categories":[53],"tags":[],"class_list":["post-5399","post","type-post","status-publish","format-standard","has-post-thumbnail","hentry","category-noticias-generales"],"lang":"es","translations":{"es":5399},"pll_sync_post":[],"post_mailing_queue_ids":[],"_links":{"self":[{"href":"http:\/\/staging.ibermusicas.org\/index.php\/wp-json\/wp\/v2\/posts\/5399","targetHints":{"allow":["GET"]}}],"collection":[{"href":"http:\/\/staging.ibermusicas.org\/index.php\/wp-json\/wp\/v2\/posts"}],"about":[{"href":"http:\/\/staging.ibermusicas.org\/index.php\/wp-json\/wp\/v2\/types\/post"}],"author":[{"embeddable":true,"href":"http:\/\/staging.ibermusicas.org\/index.php\/wp-json\/wp\/v2\/users\/1"}],"replies":[{"embeddable":true,"href":"http:\/\/staging.ibermusicas.org\/index.php\/wp-json\/wp\/v2\/comments?post=5399"}],"version-history":[{"count":1,"href":"http:\/\/staging.ibermusicas.org\/index.php\/wp-json\/wp\/v2\/posts\/5399\/revisions"}],"predecessor-version":[{"id":5401,"href":"http:\/\/staging.ibermusicas.org\/index.php\/wp-json\/wp\/v2\/posts\/5399\/revisions\/5401"}],"wp:featuredmedia":[{"embeddable":true,"href":"http:\/\/staging.ibermusicas.org\/index.php\/wp-json\/wp\/v2\/media\/5400"}],"wp:attachment":[{"href":"http:\/\/staging.ibermusicas.org\/index.php\/wp-json\/wp\/v2\/media?parent=5399"}],"wp:term":[{"taxonomy":"category","embeddable":true,"href":"http:\/\/staging.ibermusicas.org\/index.php\/wp-json\/wp\/v2\/categories?post=5399"},{"taxonomy":"post_tag","embeddable":true,"href":"http:\/\/staging.ibermusicas.org\/index.php\/wp-json\/wp\/v2\/tags?post=5399"}],"curies":[{"name":"wp","href":"https:\/\/api.w.org\/{rel}","templated":true}]}}