{"id":5402,"date":"2015-11-01T19:41:18","date_gmt":"2015-11-01T19:41:18","guid":{"rendered":"http:\/\/staging.ibermusicas.org\/?p=5402"},"modified":"2021-04-06T19:42:28","modified_gmt":"2021-04-06T19:42:28","slug":"se-llevara-a-cabo-en-paraguay-el-primer-festival-cultural-del-mercosur-y-el-encuentro-regional-de-musica-con-el-patrocinio-de-ibermusicas","status":"publish","type":"post","link":"http:\/\/staging.ibermusicas.org\/index.php\/se-llevara-a-cabo-en-paraguay-el-primer-festival-cultural-del-mercosur-y-el-encuentro-regional-de-musica-con-el-patrocinio-de-ibermusicas\/","title":{"rendered":"Se llevar\u00e1 a cabo en Paraguay el \u201cPrimer Festival Cultural del MERCOSUR\u201d y el \u201cEncuentro Regional de M\u00fasica\u201d con el patrocinio de IBERM\u00daSICAS"},"content":{"rendered":"<p><span data-sheets-value=\"{&quot;1&quot;:2,&quot;2&quot;:&quot;Los pr\u00f3ximos viernes 6 y s\u00e1bado 7 de noviembre a las 20:30 horas, se realizar\u00e1 en Asunci\u00f3n, el Primer Festival Cultural del MERCOSUR con el patrocinio del Programa IBERM\u00daSICAS. Esta primera edici\u00f3n incluir\u00e1 la participaci\u00f3n musical de artistas nacionales e internacionales como Diego Drexler de Uruguay, Hermanos Irmaos de Brasil, Tonolec de Argentina y payadores procedentes de Argentina, Brasil, Uruguay y Chile, el grupo Legado Regional de Misiones, Argentina. &quot;}\" data-sheets-userformat=\"{&quot;2&quot;:515,&quot;3&quot;:{&quot;1&quot;:0},&quot;4&quot;:{&quot;1&quot;:2,&quot;2&quot;:13822754},&quot;12&quot;:0}\">Los pr\u00f3ximos viernes 6 y s\u00e1bado 7 de noviembre a las 20:30 horas, se realizar\u00e1 en Asunci\u00f3n, el Primer Festival Cultural del MERCOSUR con el patrocinio del Programa IBERM\u00daSICAS. Esta primera edici\u00f3n incluir\u00e1 la participaci\u00f3n musical de artistas nacionales e internacionales como Diego Drexler de Uruguay, Hermanos Irmaos de Brasil, Tonolec de Argentina y payadores procedentes de Argentina, Brasil, Uruguay y Chile, el grupo Legado Regional de Misiones, Argentina. <\/span><\/p>\n","protected":false},"excerpt":{"rendered":"<p>Los pr\u00f3ximos viernes 6 y s\u00e1bado 7 de noviembre a las 20:30 horas, se realizar\u00e1 en Asunci\u00f3n, el Primer Festival Cultural del MERCOSUR con el patrocinio del Programa IBERM\u00daSICAS. Esta primera edici\u00f3n incluir\u00e1 la participaci\u00f3n musical de artistas nacionales e internacionales como Diego Drexler de Uruguay, Hermanos Irmaos de Brasil, Tonolec de Argentina y payadores [&hellip;]<\/p>\n","protected":false},"author":1,"featured_media":5403,"comment_status":"closed","ping_status":"closed","sticky":false,"template":"","format":"standard","meta":{"footnotes":""},"categories":[53],"tags":[],"class_list":["post-5402","post","type-post","status-publish","format-standard","has-post-thumbnail","hentry","category-noticias-generales"],"lang":"es","translations":{"es":5402},"pll_sync_post":[],"post_mailing_queue_ids":[],"_links":{"self":[{"href":"http:\/\/staging.ibermusicas.org\/index.php\/wp-json\/wp\/v2\/posts\/5402","targetHints":{"allow":["GET"]}}],"collection":[{"href":"http:\/\/staging.ibermusicas.org\/index.php\/wp-json\/wp\/v2\/posts"}],"about":[{"href":"http:\/\/staging.ibermusicas.org\/index.php\/wp-json\/wp\/v2\/types\/post"}],"author":[{"embeddable":true,"href":"http:\/\/staging.ibermusicas.org\/index.php\/wp-json\/wp\/v2\/users\/1"}],"replies":[{"embeddable":true,"href":"http:\/\/staging.ibermusicas.org\/index.php\/wp-json\/wp\/v2\/comments?post=5402"}],"version-history":[{"count":1,"href":"http:\/\/staging.ibermusicas.org\/index.php\/wp-json\/wp\/v2\/posts\/5402\/revisions"}],"predecessor-version":[{"id":5404,"href":"http:\/\/staging.ibermusicas.org\/index.php\/wp-json\/wp\/v2\/posts\/5402\/revisions\/5404"}],"wp:featuredmedia":[{"embeddable":true,"href":"http:\/\/staging.ibermusicas.org\/index.php\/wp-json\/wp\/v2\/media\/5403"}],"wp:attachment":[{"href":"http:\/\/staging.ibermusicas.org\/index.php\/wp-json\/wp\/v2\/media?parent=5402"}],"wp:term":[{"taxonomy":"category","embeddable":true,"href":"http:\/\/staging.ibermusicas.org\/index.php\/wp-json\/wp\/v2\/categories?post=5402"},{"taxonomy":"post_tag","embeddable":true,"href":"http:\/\/staging.ibermusicas.org\/index.php\/wp-json\/wp\/v2\/tags?post=5402"}],"curies":[{"name":"wp","href":"https:\/\/api.w.org\/{rel}","templated":true}]}}