{"id":5405,"date":"2015-11-03T19:42:40","date_gmt":"2015-11-03T19:42:40","guid":{"rendered":"http:\/\/staging.ibermusicas.org\/?p=5405"},"modified":"2021-04-06T19:43:45","modified_gmt":"2021-04-06T19:43:45","slug":"el-grupo-pachacamac-musica-y-canto-para-las-wakas-la-naturaleza-y-la-ciudad-viaja-desde-peru-a-presentarse-en-el-segundo-encuentro-binacional-de-musica-milenaria-mexico-peru","status":"publish","type":"post","link":"http:\/\/staging.ibermusicas.org\/index.php\/el-grupo-pachacamac-musica-y-canto-para-las-wakas-la-naturaleza-y-la-ciudad-viaja-desde-peru-a-presentarse-en-el-segundo-encuentro-binacional-de-musica-milenaria-mexico-peru\/","title":{"rendered":"El grupo Pachacamac, m\u00fasica y canto para las wakas, la naturaleza y la ciudad viaja desde Per\u00fa a presentarse en el segundo encuentro binacional de m\u00fasica milenaria M\u00e9xico \u2013 Per\u00fa"},"content":{"rendered":"<p><span data-sheets-value=\"{&quot;1&quot;:2,&quot;2&quot;:&quot;Del 6 al 8 de noviembre, se realizar\u00e1 el segundo encuentro binacional de m\u00fasica milenaria M\u00e9xico \u2013 Per\u00fa, con Argentina como pa\u00eds invitado. En dicho marco se presentar\u00e1 PACHACAMAC (el que anima y ordena el universo). El grupo Pachacamac comienza su actividad art\u00edstica en el a\u00f1o 1997, adoptando el nombre de la Deidad principal de origen preinca, a quien se le vener\u00f3 durante milenios y se le construy\u00f3 una serie de templos, que hoy se erigen imponentes frente al mar, al sur de Lima, simbolizando la alta espiritualidad andina en el tiempo\u201d. &quot;}\" data-sheets-userformat=\"{&quot;2&quot;:513,&quot;3&quot;:{&quot;1&quot;:0},&quot;12&quot;:0}\">Del 6 al 8 de noviembre, se realizar\u00e1 el segundo encuentro binacional de m\u00fasica milenaria M\u00e9xico \u2013 Per\u00fa, con Argentina como pa\u00eds invitado. En dicho marco se presentar\u00e1 PACHACAMAC (el que anima y ordena el universo). El grupo Pachacamac comienza su actividad art\u00edstica en el a\u00f1o 1997, adoptando el nombre de la Deidad principal de origen preinca, a quien se le vener\u00f3 durante milenios y se le construy\u00f3 una serie de templos, que hoy se erigen imponentes frente al mar, al sur de Lima, simbolizando la alta espiritualidad andina en el tiempo\u201d. <\/span><\/p>\n","protected":false},"excerpt":{"rendered":"<p>Del 6 al 8 de noviembre, se realizar\u00e1 el segundo encuentro binacional de m\u00fasica milenaria M\u00e9xico \u2013 Per\u00fa, con Argentina como pa\u00eds invitado. En dicho marco se presentar\u00e1 PACHACAMAC (el que anima y ordena el universo). El grupo Pachacamac comienza su actividad art\u00edstica en el a\u00f1o 1997, adoptando el nombre de la Deidad principal de [&hellip;]<\/p>\n","protected":false},"author":1,"featured_media":5406,"comment_status":"closed","ping_status":"closed","sticky":false,"template":"","format":"standard","meta":{"footnotes":""},"categories":[53],"tags":[],"class_list":["post-5405","post","type-post","status-publish","format-standard","has-post-thumbnail","hentry","category-noticias-generales"],"lang":"es","translations":{"es":5405},"pll_sync_post":[],"post_mailing_queue_ids":[],"_links":{"self":[{"href":"http:\/\/staging.ibermusicas.org\/index.php\/wp-json\/wp\/v2\/posts\/5405","targetHints":{"allow":["GET"]}}],"collection":[{"href":"http:\/\/staging.ibermusicas.org\/index.php\/wp-json\/wp\/v2\/posts"}],"about":[{"href":"http:\/\/staging.ibermusicas.org\/index.php\/wp-json\/wp\/v2\/types\/post"}],"author":[{"embeddable":true,"href":"http:\/\/staging.ibermusicas.org\/index.php\/wp-json\/wp\/v2\/users\/1"}],"replies":[{"embeddable":true,"href":"http:\/\/staging.ibermusicas.org\/index.php\/wp-json\/wp\/v2\/comments?post=5405"}],"version-history":[{"count":2,"href":"http:\/\/staging.ibermusicas.org\/index.php\/wp-json\/wp\/v2\/posts\/5405\/revisions"}],"predecessor-version":[{"id":5408,"href":"http:\/\/staging.ibermusicas.org\/index.php\/wp-json\/wp\/v2\/posts\/5405\/revisions\/5408"}],"wp:featuredmedia":[{"embeddable":true,"href":"http:\/\/staging.ibermusicas.org\/index.php\/wp-json\/wp\/v2\/media\/5406"}],"wp:attachment":[{"href":"http:\/\/staging.ibermusicas.org\/index.php\/wp-json\/wp\/v2\/media?parent=5405"}],"wp:term":[{"taxonomy":"category","embeddable":true,"href":"http:\/\/staging.ibermusicas.org\/index.php\/wp-json\/wp\/v2\/categories?post=5405"},{"taxonomy":"post_tag","embeddable":true,"href":"http:\/\/staging.ibermusicas.org\/index.php\/wp-json\/wp\/v2\/tags?post=5405"}],"curies":[{"name":"wp","href":"https:\/\/api.w.org\/{rel}","templated":true}]}}