{"id":5409,"date":"2015-11-10T19:43:59","date_gmt":"2015-11-10T19:43:59","guid":{"rendered":"http:\/\/staging.ibermusicas.org\/?p=5409"},"modified":"2021-04-06T19:45:05","modified_gmt":"2021-04-06T19:45:05","slug":"con-su-lema-vuela-otra-vez-cantoamerica-la-historica-agrupacion-costa-ricense-viaja-a-la-bienal-internacional-de-arte-e-cidadania-ufpel-en-rio-grande-do-sul-brasil","status":"publish","type":"post","link":"http:\/\/staging.ibermusicas.org\/index.php\/con-su-lema-vuela-otra-vez-cantoamerica-la-historica-agrupacion-costa-ricense-viaja-a-la-bienal-internacional-de-arte-e-cidadania-ufpel-en-rio-grande-do-sul-brasil\/","title":{"rendered":"Con su lema \u201cVuela otra vez\u201d, Cantoam\u00e9rica, la hist\u00f3rica agrupaci\u00f3n costa ricense, viaja a la Bienal Internacional de Arte e Cidadania \u2013 UFPEL en Rio Grande do Sul, Brasil"},"content":{"rendered":"<p><span data-sheets-value=\"{&quot;1&quot;:2,&quot;2&quot;:&quot;Del 15 al 22 de noviembre, la Universidad Federal de Pelotas con el apoyo de IBERM\u00daSICAS llevar\u00e1 a cabo la Bienal Internacional de Arte e Cidadania en la que Cantoam\u00e9rica realizar\u00e1 dos conciertos y participar\u00e1 de la conferencia Africanidades Latinas. Cantoam\u00e9rica es un grupo de m\u00fasica costarricense cuyo repertorio se basa en la herencia afrocaribe\u00f1a y las influencias de la di\u00e1spora africana en Costa Rica. Su acci\u00f3n pionera en la revitalizaci\u00f3n del calypso limonense lo colocan como uno de los grupos m\u00e1s importantes en el medio musical y cultural de su pa\u00eds. &quot;}\" data-sheets-userformat=\"{&quot;2&quot;:513,&quot;3&quot;:{&quot;1&quot;:0},&quot;12&quot;:0}\">Del 15 al 22 de noviembre, la Universidad Federal de Pelotas con el apoyo de IBERM\u00daSICAS llevar\u00e1 a cabo la Bienal Internacional de Arte e Cidadania en la que Cantoam\u00e9rica realizar\u00e1 dos conciertos y participar\u00e1 de la conferencia Africanidades Latinas. Cantoam\u00e9rica es un grupo de m\u00fasica costarricense cuyo repertorio se basa en la herencia afrocaribe\u00f1a y las influencias de la di\u00e1spora africana en Costa Rica. Su acci\u00f3n pionera en la revitalizaci\u00f3n del calypso limonense lo colocan como uno de los grupos m\u00e1s importantes en el medio musical y cultural de su pa\u00eds. <\/span><\/p>\n","protected":false},"excerpt":{"rendered":"<p>Del 15 al 22 de noviembre, la Universidad Federal de Pelotas con el apoyo de IBERM\u00daSICAS llevar\u00e1 a cabo la Bienal Internacional de Arte e Cidadania en la que Cantoam\u00e9rica realizar\u00e1 dos conciertos y participar\u00e1 de la conferencia Africanidades Latinas. Cantoam\u00e9rica es un grupo de m\u00fasica costarricense cuyo repertorio se basa en la herencia afrocaribe\u00f1a [&hellip;]<\/p>\n","protected":false},"author":1,"featured_media":5410,"comment_status":"closed","ping_status":"closed","sticky":false,"template":"","format":"standard","meta":{"footnotes":""},"categories":[53],"tags":[],"class_list":["post-5409","post","type-post","status-publish","format-standard","has-post-thumbnail","hentry","category-noticias-generales"],"lang":"es","translations":{"es":5409},"pll_sync_post":[],"post_mailing_queue_ids":[],"_links":{"self":[{"href":"http:\/\/staging.ibermusicas.org\/index.php\/wp-json\/wp\/v2\/posts\/5409","targetHints":{"allow":["GET"]}}],"collection":[{"href":"http:\/\/staging.ibermusicas.org\/index.php\/wp-json\/wp\/v2\/posts"}],"about":[{"href":"http:\/\/staging.ibermusicas.org\/index.php\/wp-json\/wp\/v2\/types\/post"}],"author":[{"embeddable":true,"href":"http:\/\/staging.ibermusicas.org\/index.php\/wp-json\/wp\/v2\/users\/1"}],"replies":[{"embeddable":true,"href":"http:\/\/staging.ibermusicas.org\/index.php\/wp-json\/wp\/v2\/comments?post=5409"}],"version-history":[{"count":1,"href":"http:\/\/staging.ibermusicas.org\/index.php\/wp-json\/wp\/v2\/posts\/5409\/revisions"}],"predecessor-version":[{"id":5411,"href":"http:\/\/staging.ibermusicas.org\/index.php\/wp-json\/wp\/v2\/posts\/5409\/revisions\/5411"}],"wp:featuredmedia":[{"embeddable":true,"href":"http:\/\/staging.ibermusicas.org\/index.php\/wp-json\/wp\/v2\/media\/5410"}],"wp:attachment":[{"href":"http:\/\/staging.ibermusicas.org\/index.php\/wp-json\/wp\/v2\/media?parent=5409"}],"wp:term":[{"taxonomy":"category","embeddable":true,"href":"http:\/\/staging.ibermusicas.org\/index.php\/wp-json\/wp\/v2\/categories?post=5409"},{"taxonomy":"post_tag","embeddable":true,"href":"http:\/\/staging.ibermusicas.org\/index.php\/wp-json\/wp\/v2\/tags?post=5409"}],"curies":[{"name":"wp","href":"https:\/\/api.w.org\/{rel}","templated":true}]}}