{"id":5415,"date":"2015-11-16T19:46:31","date_gmt":"2015-11-16T19:46:31","guid":{"rendered":"http:\/\/staging.ibermusicas.org\/?p=5415"},"modified":"2021-04-06T19:50:11","modified_gmt":"2021-04-06T19:50:11","slug":"violentango-de-argentina-se-presentara-en-el-festival-s-e-n-s-a-c-i-o-n-a-l-de-brasil","status":"publish","type":"post","link":"http:\/\/staging.ibermusicas.org\/index.php\/violentango-de-argentina-se-presentara-en-el-festival-s-e-n-s-a-c-i-o-n-a-l-de-brasil\/","title":{"rendered":"Violentango de Argentina se presentar\u00e1 en el festival S.E.N.S.A.C.I.O.N.A.L de Brasil"},"content":{"rendered":"<p><span data-sheets-value=\"{&quot;1&quot;:2,&quot;2&quot;:&quot;Desde su inicio Violentango se caracterizo por la originalidad de sus composiciones e improvisaciones y por el enfoque en\u00e9rgico de su actitud esc\u00e9nica, un toque moderno y vibrante que distingue sus shows. En 7 a\u00f1os Violentango realizo mas de 25 giras nacionales e internacionales y present\u00f3 sus cuatro discos por varias ciudades europeas y latinoamericanas.&quot;}\" data-sheets-userformat=\"{&quot;2&quot;:513,&quot;3&quot;:{&quot;1&quot;:0},&quot;12&quot;:0}\">Desde su inicio Violentango se caracterizo por la originalidad de sus composiciones e improvisaciones y por el enfoque en\u00e9rgico de su actitud esc\u00e9nica, un toque moderno y vibrante que distingue sus shows. En 7 a\u00f1os Violentango realizo mas de 25 giras nacionales e internacionales y present\u00f3 sus cuatro discos por varias ciudades europeas y latinoamericanas.<\/span><\/p>\n","protected":false},"excerpt":{"rendered":"<p>Desde su inicio Violentango se caracterizo por la originalidad de sus composiciones e improvisaciones y por el enfoque en\u00e9rgico de su actitud esc\u00e9nica, un toque moderno y vibrante que distingue sus shows. En 7 a\u00f1os Violentango realizo mas de 25 giras nacionales e internacionales y present\u00f3 sus cuatro discos por varias ciudades europeas y latinoamericanas.<\/p>\n","protected":false},"author":1,"featured_media":5421,"comment_status":"closed","ping_status":"closed","sticky":false,"template":"","format":"standard","meta":{"footnotes":""},"categories":[53],"tags":[],"class_list":["post-5415","post","type-post","status-publish","format-standard","has-post-thumbnail","hentry","category-noticias-generales"],"lang":"es","translations":{"es":5415},"pll_sync_post":[],"post_mailing_queue_ids":[],"_links":{"self":[{"href":"http:\/\/staging.ibermusicas.org\/index.php\/wp-json\/wp\/v2\/posts\/5415","targetHints":{"allow":["GET"]}}],"collection":[{"href":"http:\/\/staging.ibermusicas.org\/index.php\/wp-json\/wp\/v2\/posts"}],"about":[{"href":"http:\/\/staging.ibermusicas.org\/index.php\/wp-json\/wp\/v2\/types\/post"}],"author":[{"embeddable":true,"href":"http:\/\/staging.ibermusicas.org\/index.php\/wp-json\/wp\/v2\/users\/1"}],"replies":[{"embeddable":true,"href":"http:\/\/staging.ibermusicas.org\/index.php\/wp-json\/wp\/v2\/comments?post=5415"}],"version-history":[{"count":1,"href":"http:\/\/staging.ibermusicas.org\/index.php\/wp-json\/wp\/v2\/posts\/5415\/revisions"}],"predecessor-version":[{"id":5416,"href":"http:\/\/staging.ibermusicas.org\/index.php\/wp-json\/wp\/v2\/posts\/5415\/revisions\/5416"}],"wp:featuredmedia":[{"embeddable":true,"href":"http:\/\/staging.ibermusicas.org\/index.php\/wp-json\/wp\/v2\/media\/5421"}],"wp:attachment":[{"href":"http:\/\/staging.ibermusicas.org\/index.php\/wp-json\/wp\/v2\/media?parent=5415"}],"wp:term":[{"taxonomy":"category","embeddable":true,"href":"http:\/\/staging.ibermusicas.org\/index.php\/wp-json\/wp\/v2\/categories?post=5415"},{"taxonomy":"post_tag","embeddable":true,"href":"http:\/\/staging.ibermusicas.org\/index.php\/wp-json\/wp\/v2\/tags?post=5415"}],"curies":[{"name":"wp","href":"https:\/\/api.w.org\/{rel}","templated":true}]}}