{"id":5427,"date":"2015-11-26T19:52:20","date_gmt":"2015-11-26T19:52:20","guid":{"rendered":"http:\/\/staging.ibermusicas.org\/?p=5427"},"modified":"2021-04-06T19:53:32","modified_gmt":"2021-04-06T19:53:32","slug":"noticias-sobre-nuestras-convocatorias-y-concursos-2015","status":"publish","type":"post","link":"http:\/\/staging.ibermusicas.org\/index.php\/noticias-sobre-nuestras-convocatorias-y-concursos-2015\/","title":{"rendered":"Noticias sobre nuestras convocatorias y concursos 2015"},"content":{"rendered":"<p><span data-sheets-value=\"{&quot;1&quot;:2,&quot;2&quot;:&quot;Iberm\u00fasicas comunica que en los pr\u00f3ximos d\u00edas ser\u00e1n anunciados los ganadores de las l\u00edneas de acci\u00f3n \u201cAyuda a la movilidad de m\u00fasicos\u201d, \u201cAyuda a festivales y encuentros para la movilidad de m\u00fasicos\u201d, \u201cAyuda para residencias art\u00edsticas de compositores\u201d, \u201cAyuda a instituciones para residencias art\u00edsticas de compositores\u201d y \u201cAyudas a residencias art\u00edsticas para la creaci\u00f3n sonora con nuevas tecnolog\u00edas en el C.M.M.A.S\u201d. Los resultados estar\u00e1n disponibles en nuestro sitio web.&quot;}\" data-sheets-userformat=\"{&quot;2&quot;:513,&quot;3&quot;:{&quot;1&quot;:0},&quot;12&quot;:0}\">Iberm\u00fasicas comunica que en los pr\u00f3ximos d\u00edas ser\u00e1n anunciados los ganadores de las l\u00edneas de acci\u00f3n \u201cAyuda a la movilidad de m\u00fasicos\u201d, \u201cAyuda a festivales y encuentros para la movilidad de m\u00fasicos\u201d, \u201cAyuda para residencias art\u00edsticas de compositores\u201d, \u201cAyuda a instituciones para residencias art\u00edsticas de compositores\u201d y \u201cAyudas a residencias art\u00edsticas para la creaci\u00f3n sonora con nuevas tecnolog\u00edas en el C.M.M.A.S\u201d. Los resultados estar\u00e1n disponibles en nuestro sitio web.<\/span><\/p>\n","protected":false},"excerpt":{"rendered":"<p>Iberm\u00fasicas comunica que en los pr\u00f3ximos d\u00edas ser\u00e1n anunciados los ganadores de las l\u00edneas de acci\u00f3n \u201cAyuda a la movilidad de m\u00fasicos\u201d, \u201cAyuda a festivales y encuentros para la movilidad de m\u00fasicos\u201d, \u201cAyuda para residencias art\u00edsticas de compositores\u201d, \u201cAyuda a instituciones para residencias art\u00edsticas de compositores\u201d y \u201cAyudas a residencias art\u00edsticas para la creaci\u00f3n sonora [&hellip;]<\/p>\n","protected":false},"author":1,"featured_media":5428,"comment_status":"closed","ping_status":"closed","sticky":false,"template":"","format":"standard","meta":{"footnotes":""},"categories":[53],"tags":[],"class_list":["post-5427","post","type-post","status-publish","format-standard","has-post-thumbnail","hentry","category-noticias-generales"],"lang":"es","translations":{"es":5427},"pll_sync_post":[],"post_mailing_queue_ids":[],"_links":{"self":[{"href":"http:\/\/staging.ibermusicas.org\/index.php\/wp-json\/wp\/v2\/posts\/5427","targetHints":{"allow":["GET"]}}],"collection":[{"href":"http:\/\/staging.ibermusicas.org\/index.php\/wp-json\/wp\/v2\/posts"}],"about":[{"href":"http:\/\/staging.ibermusicas.org\/index.php\/wp-json\/wp\/v2\/types\/post"}],"author":[{"embeddable":true,"href":"http:\/\/staging.ibermusicas.org\/index.php\/wp-json\/wp\/v2\/users\/1"}],"replies":[{"embeddable":true,"href":"http:\/\/staging.ibermusicas.org\/index.php\/wp-json\/wp\/v2\/comments?post=5427"}],"version-history":[{"count":1,"href":"http:\/\/staging.ibermusicas.org\/index.php\/wp-json\/wp\/v2\/posts\/5427\/revisions"}],"predecessor-version":[{"id":5429,"href":"http:\/\/staging.ibermusicas.org\/index.php\/wp-json\/wp\/v2\/posts\/5427\/revisions\/5429"}],"wp:featuredmedia":[{"embeddable":true,"href":"http:\/\/staging.ibermusicas.org\/index.php\/wp-json\/wp\/v2\/media\/5428"}],"wp:attachment":[{"href":"http:\/\/staging.ibermusicas.org\/index.php\/wp-json\/wp\/v2\/media?parent=5427"}],"wp:term":[{"taxonomy":"category","embeddable":true,"href":"http:\/\/staging.ibermusicas.org\/index.php\/wp-json\/wp\/v2\/categories?post=5427"},{"taxonomy":"post_tag","embeddable":true,"href":"http:\/\/staging.ibermusicas.org\/index.php\/wp-json\/wp\/v2\/tags?post=5427"}],"curies":[{"name":"wp","href":"https:\/\/api.w.org\/{rel}","templated":true}]}}