{"id":5440,"date":"2021-04-08T17:42:39","date_gmt":"2021-04-08T17:42:39","guid":{"rendered":"http:\/\/staging.ibermusicas.org\/?p=5440"},"modified":"2021-05-04T17:32:02","modified_gmt":"2021-05-04T17:32:02","slug":"desde-santa-clara-cuba-llegan-dos-nuevos-capitulos-del-proyecto-remolino-2","status":"publish","type":"post","link":"http:\/\/staging.ibermusicas.org\/index.php\/desde-santa-clara-cuba-llegan-dos-nuevos-capitulos-del-proyecto-remolino-2\/","title":{"rendered":"DESDE SANTA CLARA, CUBA, LLEGAN DOS NUEVOS CAP\u00cdTULOS DEL PROYECTO REMOLINO"},"content":{"rendered":"<p>Yamil D\u00edaz, santaclare\u00f1o, poeta y martiano es el protagonista del 3er cap\u00edtulo de Remolino. Yamil nos cuenta su obsesi\u00f3n por Jos\u00e9 Mart\u00ed, los poetas cubanos y la ciudad de Santa Clara declar\u00e1ndolos a los tres como temas principales de toda su obra literaria. La emisi\u00f3n fue realizada desde el hermoso Patio Azul de la Uni\u00f3n de Escritores y Artistas de Cuba en Santa Clara. Los cantautores santaclare\u00f1os Leonardo Garc\u00eda, Rogelio Rosales, Alain Garrido junto a Laura Terrero en cello nos comparten sus canciones creadas a partir de textos de Yamil D\u00edaz.<\/p>\n<p>Albanta Caf\u00e9 Bar es un espacio cultural en la Ciudad de M\u00e9xico dedicado a defender la cultura de la canci\u00f3n y la trova. El 4to cap\u00edtulo de Remolino gira en torno a la figura de Chema Rodr\u00edguez, imprescindible gestor del espacio Albanta, que nos cuenta sobre el programa cultural de centro, su relaci\u00f3n con el canto latinoamericano y la trova y de c\u00f3mo han llevado sus actividades en este tiempo de pandemia. Adem\u00e1s de Chema Rodr\u00edguez participan de esta emisi\u00f3n Gabriel Almeida de Uruguay y Mario Caballero de M\u00e9xico.<\/p>\n<p>Link para o cap\u00edtulo 3, O Poeta:\u00a0<a href=\"https:\/\/lt.mydplr.com\/c881d06742906b9f3a2407b443926110-81868bec073b3970fa62af291f12b42d\" target=\"_blank\" rel=\"noopener\" data-saferedirecturl=\"https:\/\/www.google.com\/url?q=https:\/\/lt.mydplr.com\/c881d06742906b9f3a2407b443926110-81868bec073b3970fa62af291f12b42d&amp;source=gmail&amp;ust=1617987516415000&amp;usg=AFQjCNF4UmO-qc0kpvfwMFPFuIdSbeSacg\">www.youtube.com<\/a><\/p>\n<p>Link para o cap\u00edtulo 4, Albanta:\u00a0<a href=\"https:\/\/lt.mydplr.com\/a95a31a3701bc2d5806e0caff577e62b-81868bec073b3970fa62af291f12b42d\" target=\"_blank\" rel=\"noopener\" data-saferedirecturl=\"https:\/\/www.google.com\/url?q=https:\/\/lt.mydplr.com\/a95a31a3701bc2d5806e0caff577e62b-81868bec073b3970fa62af291f12b42d&amp;source=gmail&amp;ust=1617987516415000&amp;usg=AFQjCNEzcOn8zAQzBh6TUp1DDwB0Wkc-pg\">www.youtube.com<\/a><\/p>\n","protected":false},"excerpt":{"rendered":"<p>Yamil D\u00edaz, santaclare\u00f1o, poeta y martiano es el protagonista del 3er cap\u00edtulo de Remolino. Yamil nos cuenta su obsesi\u00f3n por Jos\u00e9 Mart\u00ed, los poetas cubanos y la ciudad de Santa Clara declar\u00e1ndolos a los tres como temas principales de toda su obra literaria. La emisi\u00f3n fue realizada desde el hermoso Patio Azul de la Uni\u00f3n [&hellip;]<\/p>\n","protected":false},"author":1,"featured_media":5442,"comment_status":"closed","ping_status":"closed","sticky":false,"template":"","format":"standard","meta":{"footnotes":""},"categories":[218],"tags":[],"class_list":["post-5440","post","type-post","status-publish","format-standard","has-post-thumbnail","hentry","category-noticias-generales-pt"],"lang":"pt","translations":{"pt":5440,"es":5437},"pll_sync_post":[],"post_mailing_queue_ids":[],"_links":{"self":[{"href":"http:\/\/staging.ibermusicas.org\/index.php\/wp-json\/wp\/v2\/posts\/5440","targetHints":{"allow":["GET"]}}],"collection":[{"href":"http:\/\/staging.ibermusicas.org\/index.php\/wp-json\/wp\/v2\/posts"}],"about":[{"href":"http:\/\/staging.ibermusicas.org\/index.php\/wp-json\/wp\/v2\/types\/post"}],"author":[{"embeddable":true,"href":"http:\/\/staging.ibermusicas.org\/index.php\/wp-json\/wp\/v2\/users\/1"}],"replies":[{"embeddable":true,"href":"http:\/\/staging.ibermusicas.org\/index.php\/wp-json\/wp\/v2\/comments?post=5440"}],"version-history":[{"count":1,"href":"http:\/\/staging.ibermusicas.org\/index.php\/wp-json\/wp\/v2\/posts\/5440\/revisions"}],"predecessor-version":[{"id":5441,"href":"http:\/\/staging.ibermusicas.org\/index.php\/wp-json\/wp\/v2\/posts\/5440\/revisions\/5441"}],"wp:featuredmedia":[{"embeddable":true,"href":"http:\/\/staging.ibermusicas.org\/index.php\/wp-json\/wp\/v2\/media\/5442"}],"wp:attachment":[{"href":"http:\/\/staging.ibermusicas.org\/index.php\/wp-json\/wp\/v2\/media?parent=5440"}],"wp:term":[{"taxonomy":"category","embeddable":true,"href":"http:\/\/staging.ibermusicas.org\/index.php\/wp-json\/wp\/v2\/categories?post=5440"},{"taxonomy":"post_tag","embeddable":true,"href":"http:\/\/staging.ibermusicas.org\/index.php\/wp-json\/wp\/v2\/tags?post=5440"}],"curies":[{"name":"wp","href":"https:\/\/api.w.org\/{rel}","templated":true}]}}