{"id":5447,"date":"2021-04-08T17:51:30","date_gmt":"2021-04-08T17:51:30","guid":{"rendered":"http:\/\/staging.ibermusicas.org\/?p=5447"},"modified":"2021-05-04T17:31:55","modified_gmt":"2021-05-04T17:31:55","slug":"ya-esta-disponible-en-las-redes-el-concierto-con-los-temas-compuestos-por-carol-panesi-de-brasil-durante-su-residencia-junto-a-eleva-big-band-de-argentina-2","status":"publish","type":"post","link":"http:\/\/staging.ibermusicas.org\/index.php\/ya-esta-disponible-en-las-redes-el-concierto-con-los-temas-compuestos-por-carol-panesi-de-brasil-durante-su-residencia-junto-a-eleva-big-band-de-argentina-2\/","title":{"rendered":"J\u00c1 EST\u00c1 DISPON\u00cdVEL NAS REDES O SHOW COM AS M\u00daSICAS COMPOSTAS POR CAROL PANESI DE BRASIL DURANTE SUA RESID\u00caNCIA COM ELEVA BIG BAND DA ARGENTINA"},"content":{"rendered":"<p>Ap\u00f3s de um intenso trabalho criativo, que por restri\u00e7\u00f5es sanit\u00e1rias teve que ser feito remotamente, o v\u00eddeo est\u00e1 pronto com o maravilhoso show que Eleva Big Band e Carol Panesi fizeram para apresentar as m\u00fasicas compostas e orquestradas durante a resid\u00eancia do compositora brasileira com a Big Band Cordobesa Eleva Big Band dirigida por Lourdes Fontana. Esta resid\u00eancia contou com o apoio do Sindicato dos M\u00fasicos de C\u00f3rdoba.<\/p>\n<p>Os nomes das pe\u00e7as compostas por Carol Panesi e interpretadas pela Eleva Big Band com a pr\u00f3pria compositora como convidada em vozes, violino e flugelhorn s\u00e3o: Pachamama, Luna Llena e Su\u00edte os Sete Chakras.<\/p>\n<p>Ver em:\u00a0<a href=\"https:\/\/lt.mydplr.com\/a9a3c8f9a016cdef9ae3a536996e7936-81868bec073b3970fa62af291f12b42d\" target=\"_blank\" rel=\"noopener\" data-saferedirecturl=\"https:\/\/www.google.com\/url?q=https:\/\/lt.mydplr.com\/a9a3c8f9a016cdef9ae3a536996e7936-81868bec073b3970fa62af291f12b42d&amp;source=gmail&amp;ust=1617987516415000&amp;usg=AFQjCNG235LJEIVOLsBUx6TA_kVxJjGWTg\">www.youtube.com<\/a><\/p>\n","protected":false},"excerpt":{"rendered":"<p>Ap\u00f3s de um intenso trabalho criativo, que por restri\u00e7\u00f5es sanit\u00e1rias teve que ser feito remotamente, o v\u00eddeo est\u00e1 pronto com o maravilhoso show que Eleva Big Band e Carol Panesi fizeram para apresentar as m\u00fasicas compostas e orquestradas durante a resid\u00eancia do compositora brasileira com a Big Band Cordobesa Eleva Big Band dirigida por Lourdes [&hellip;]<\/p>\n","protected":false},"author":1,"featured_media":5445,"comment_status":"closed","ping_status":"closed","sticky":false,"template":"","format":"standard","meta":{"footnotes":""},"categories":[218],"tags":[],"class_list":["post-5447","post","type-post","status-publish","format-standard","has-post-thumbnail","hentry","category-noticias-generales-pt"],"lang":"pt","translations":{"pt":5447,"es":5444},"pll_sync_post":[],"post_mailing_queue_ids":[],"_links":{"self":[{"href":"http:\/\/staging.ibermusicas.org\/index.php\/wp-json\/wp\/v2\/posts\/5447","targetHints":{"allow":["GET"]}}],"collection":[{"href":"http:\/\/staging.ibermusicas.org\/index.php\/wp-json\/wp\/v2\/posts"}],"about":[{"href":"http:\/\/staging.ibermusicas.org\/index.php\/wp-json\/wp\/v2\/types\/post"}],"author":[{"embeddable":true,"href":"http:\/\/staging.ibermusicas.org\/index.php\/wp-json\/wp\/v2\/users\/1"}],"replies":[{"embeddable":true,"href":"http:\/\/staging.ibermusicas.org\/index.php\/wp-json\/wp\/v2\/comments?post=5447"}],"version-history":[{"count":2,"href":"http:\/\/staging.ibermusicas.org\/index.php\/wp-json\/wp\/v2\/posts\/5447\/revisions"}],"predecessor-version":[{"id":5461,"href":"http:\/\/staging.ibermusicas.org\/index.php\/wp-json\/wp\/v2\/posts\/5447\/revisions\/5461"}],"wp:featuredmedia":[{"embeddable":true,"href":"http:\/\/staging.ibermusicas.org\/index.php\/wp-json\/wp\/v2\/media\/5445"}],"wp:attachment":[{"href":"http:\/\/staging.ibermusicas.org\/index.php\/wp-json\/wp\/v2\/media?parent=5447"}],"wp:term":[{"taxonomy":"category","embeddable":true,"href":"http:\/\/staging.ibermusicas.org\/index.php\/wp-json\/wp\/v2\/categories?post=5447"},{"taxonomy":"post_tag","embeddable":true,"href":"http:\/\/staging.ibermusicas.org\/index.php\/wp-json\/wp\/v2\/tags?post=5447"}],"curies":[{"name":"wp","href":"https:\/\/api.w.org\/{rel}","templated":true}]}}