{"id":5455,"date":"2021-04-08T18:02:12","date_gmt":"2021-04-08T18:02:12","guid":{"rendered":"http:\/\/staging.ibermusicas.org\/?p=5455"},"modified":"2021-05-04T17:29:16","modified_gmt":"2021-05-04T17:29:16","slug":"ya-se-puede-disfrutar-del-show-del-colectivo-samba-noir-de-brasil-en-el-sitio-web-del-mini-teatro-da-calcada-de-lisboa-portugal","status":"publish","type":"post","link":"http:\/\/staging.ibermusicas.org\/index.php\/ya-se-puede-disfrutar-del-show-del-colectivo-samba-noir-de-brasil-en-el-sitio-web-del-mini-teatro-da-calcada-de-lisboa-portugal\/","title":{"rendered":"YA SE PUEDE DISFRUTAR DEL SHOW DEL COLECTIVO SAMBA NOIR DE BRASIL EN EL SITIO WEB DEL MINI TEATRO DA CAL\u00c7ADA DE LISBOA, PORTUGAL"},"content":{"rendered":"<p>El Coletivo Samba Noir lanza online, simult\u00e1neamente en Brasil y Portugal, el registro audiovisual del espect\u00e1culo Samba Noir que cuenta con la direcci\u00f3n de arte y video de Batman Zavarese (Tribalistas \/ Los Hermanos \/ Festival Multiplicidade).<\/p>\n<p>Con percusiones sampleadas, bajo sintetizado, texturas electr\u00f3nicas, guitarra de siete cuerdas y voz, el cuarteto Coletivo Samba Noir interpreta cl\u00e1sicos de la m\u00fasica brasile\u00f1a que tratan sobre el amor, sus dolores e imposibilidades. Utilizando un lenguaje esc\u00e9nico y musical \u00fanico, cuya inspiraci\u00f3n surge de la densa atm\u00f3sfera del cinema noir, el Colectivo promueve el encuentro de cuatro nombres destacados del panorama musical carioca, con trayectorias muy diferentes: Katia B (voz y guitarra), Marcos Suzano (ritmo y voz), Lu\u00eds Filipe de Lima (guitarra de siete cuerdas) y Guilherme G\u00ea (teclado y voz). La actuaci\u00f3n del cuarteto se enmarca en proyecciones de im\u00e1genes y videos en espacios no convencionales, como telas y humo.<\/p>\n<p>El repertorio del Colectivo, cuenta con algunos de los compositores brasile\u00f1os m\u00e1s c\u00e9lebres inspirados en el denominado \u201cdor-de-cotovelo\u201d (aquel que tiene dolor de codos debido a confesar desencantos amorosos acodado en la mesa de un bar): Nelson Cavaquinho, Lupic\u00ednio Rodrigues, Ary Barroso, Cartola y Noel Rosa, entre otros. Estas canciones remiten a dos importantes referentes musicales, el piano bar y los grupos de choro y seresta, aqu\u00ed subvertidos por una atrevida formaci\u00f3n instrumental que combina la percusi\u00f3n muy personal de Marcos Suzano con la guitarra de siete cuerdas de Lu\u00eds Filipe de Lima, y que mezcla la voz sensible y densa de Katia B con la exquisita experimentaci\u00f3n de Guilherme G\u00ea, con sonidos electr\u00f3nicos y l\u00edneas de subgraves interpretadas en el teclado.<\/p>\n<p>Vanguardia y tradici\u00f3n se unen, en Coletivo Samba Noir, para rendir homenaje a las canciones atemporales que hablan de amores imposibles, soledad, angustia e inquietud.<\/p>\n<p><a href=\"https:\/\/www.facebook.com\/MiniTeatroCalcada147\/posts\/5569633206380943\" target=\"_blank\" rel=\"noopener\" data-saferedirecturl=\"https:\/\/www.google.com\/url?q=https:\/\/lt.mydplr.com\/bc8116a529f1fbcacb21a518a33efb8b-81868bec073b3970fa62af291f12b42d&amp;source=gmail&amp;ust=1617987516415000&amp;usg=AFQjCNEhvmlbPG4xNd3ltmZc2PuvIqh_LA\">www.facebook.com<\/a><\/p>\n","protected":false},"excerpt":{"rendered":"<p>El Coletivo Samba Noir lanza online, simult\u00e1neamente en Brasil y Portugal, el registro audiovisual del espect\u00e1culo Samba Noir que cuenta con la direcci\u00f3n de arte y video de Batman Zavarese (Tribalistas \/ Los Hermanos \/ Festival Multiplicidade). Con percusiones sampleadas, bajo sintetizado, texturas electr\u00f3nicas, guitarra de siete cuerdas y voz, el cuarteto Coletivo Samba Noir [&hellip;]<\/p>\n","protected":false},"author":1,"featured_media":5456,"comment_status":"closed","ping_status":"closed","sticky":false,"template":"","format":"standard","meta":{"footnotes":""},"categories":[53],"tags":[],"class_list":["post-5455","post","type-post","status-publish","format-standard","has-post-thumbnail","hentry","category-noticias-generales"],"lang":"es","translations":{"es":5455,"pt":5458},"pll_sync_post":[],"post_mailing_queue_ids":[],"_links":{"self":[{"href":"http:\/\/staging.ibermusicas.org\/index.php\/wp-json\/wp\/v2\/posts\/5455","targetHints":{"allow":["GET"]}}],"collection":[{"href":"http:\/\/staging.ibermusicas.org\/index.php\/wp-json\/wp\/v2\/posts"}],"about":[{"href":"http:\/\/staging.ibermusicas.org\/index.php\/wp-json\/wp\/v2\/types\/post"}],"author":[{"embeddable":true,"href":"http:\/\/staging.ibermusicas.org\/index.php\/wp-json\/wp\/v2\/users\/1"}],"replies":[{"embeddable":true,"href":"http:\/\/staging.ibermusicas.org\/index.php\/wp-json\/wp\/v2\/comments?post=5455"}],"version-history":[{"count":1,"href":"http:\/\/staging.ibermusicas.org\/index.php\/wp-json\/wp\/v2\/posts\/5455\/revisions"}],"predecessor-version":[{"id":5457,"href":"http:\/\/staging.ibermusicas.org\/index.php\/wp-json\/wp\/v2\/posts\/5455\/revisions\/5457"}],"wp:featuredmedia":[{"embeddable":true,"href":"http:\/\/staging.ibermusicas.org\/index.php\/wp-json\/wp\/v2\/media\/5456"}],"wp:attachment":[{"href":"http:\/\/staging.ibermusicas.org\/index.php\/wp-json\/wp\/v2\/media?parent=5455"}],"wp:term":[{"taxonomy":"category","embeddable":true,"href":"http:\/\/staging.ibermusicas.org\/index.php\/wp-json\/wp\/v2\/categories?post=5455"},{"taxonomy":"post_tag","embeddable":true,"href":"http:\/\/staging.ibermusicas.org\/index.php\/wp-json\/wp\/v2\/tags?post=5455"}],"curies":[{"name":"wp","href":"https:\/\/api.w.org\/{rel}","templated":true}]}}