{"id":5458,"date":"2021-04-08T18:03:28","date_gmt":"2021-04-08T18:03:28","guid":{"rendered":"http:\/\/staging.ibermusicas.org\/?p=5458"},"modified":"2021-05-04T17:31:38","modified_gmt":"2021-05-04T17:31:38","slug":"ja-se-pode-desfrutar-do-show-do-coletivo-samba-noir-do-brasil-no-web-site-do-mini-teatro-da-calcada-de-lisboa-portugal","status":"publish","type":"post","link":"http:\/\/staging.ibermusicas.org\/index.php\/ja-se-pode-desfrutar-do-show-do-coletivo-samba-noir-do-brasil-no-web-site-do-mini-teatro-da-calcada-de-lisboa-portugal\/","title":{"rendered":"J\u00c1 SE PODE DESFRUTAR DO SHOW DO COLETIVO SAMBA NOIR DO BRASIL NO WEB SITE DO MINI TEATRO DA CAL\u00c7ADA DE LISBOA, PORTUGAL"},"content":{"rendered":"<p>O Coletivo Samba Noir lan\u00e7a online, simultaneamente no Brasil e em Portugal, o registro audiovisual do espet\u00e1culo Samba que conta com dire\u00e7\u00e3o de arte e videocen\u00e1rio de Batman Zavarese (Tribalistas\/ Los Hermanos\/ Festival Multiplicidade).<\/p>\n<p>Com percuss\u00f5es sampleadas, baixo synth, texturas eletr\u00f4nicas, viol\u00e3o de sete cordas e voz, o quarteto Coletivo Samba Noir interpreta cl\u00e1ssicos da m\u00fasica brasileira que versam sobre o amor, suas dores e impossibilidades. Valendo-se de linguagem c\u00eanica e musical singular, cuja inspira\u00e7\u00e3o surge da atmosfera densa do cinema noir, o Coletivo promove o encontro de quatro destacados nomes da cena musical do Rio de Janeiro, com trajet\u00f3rias bastante diversas: Katia B (voz e guitarra), Marcos Suzano (ritmo e voz), Lu\u00eds Filipe de Lima (viol\u00e3o de sete cordas) e Guilherme G\u00ea (teclado e voz). O quarteto tem sua performance emoldurada por proje\u00e7\u00f5es de imagens e videografia em espa\u00e7os n\u00e3o-convencionais, como tecidos e fuma\u00e7a.<\/p>\n<p>No repert\u00f3rio do Coletivo, alguns dos mais c\u00e9lebres compositores brasileiros inspirados pela dor-de-cotovelo: Nelson Cavaquinho, Lupic\u00ednio Rodrigues, Ary Barroso, Cartola e Noel Rosa, entre outros. Estas can\u00e7\u00f5es remetem a duas importantes refer\u00eancias musicais, o piano-bar e os grupos de choro e seresta, aqui subvertidas por uma arrojada forma\u00e7\u00e3o instrumental que combina a percuss\u00e3o personal\u00edssima de Marcos Suzano com o viol\u00e3o de sete cordas casti\u00e7o de Lu\u00eds Filipe de Lima, e que mistura a voz sens\u00edvel e densa de Katia B \u00e0 experimenta\u00e7\u00e3o requintada de Guilherme G\u00ea, com sonoridades eletr\u00f4nicas e linhas de baixo sub-graves executadas no teclado.<\/p>\n<p>Vanguarda e tradi\u00e7\u00e3o unem-se, no Coletivo Samba Noir, para render homenagens \u00e0s can\u00e7\u00f5es atemporais que falam de amores imposs\u00edveis, solid\u00e3o, ang\u00fastia e desassossego.<\/p>\n<p><a href=\"https:\/\/www.facebook.com\/MiniTeatroCalcada147\/posts\/5569633206380943\" target=\"_blank\" rel=\"noopener\" data-saferedirecturl=\"https:\/\/www.google.com\/url?q=https:\/\/lt.mydplr.com\/bc8116a529f1fbcacb21a518a33efb8b-81868bec073b3970fa62af291f12b42d&amp;source=gmail&amp;ust=1617987516415000&amp;usg=AFQjCNEhvmlbPG4xNd3ltmZc2PuvIqh_LA\">www.facebook.com<\/a><\/p>\n","protected":false},"excerpt":{"rendered":"<p>O Coletivo Samba Noir lan\u00e7a online, simultaneamente no Brasil e em Portugal, o registro audiovisual do espet\u00e1culo Samba que conta com dire\u00e7\u00e3o de arte e videocen\u00e1rio de Batman Zavarese (Tribalistas\/ Los Hermanos\/ Festival Multiplicidade). Com percuss\u00f5es sampleadas, baixo synth, texturas eletr\u00f4nicas, viol\u00e3o de sete cordas e voz, o quarteto Coletivo Samba Noir interpreta cl\u00e1ssicos da [&hellip;]<\/p>\n","protected":false},"author":1,"featured_media":5456,"comment_status":"closed","ping_status":"closed","sticky":false,"template":"","format":"standard","meta":{"footnotes":""},"categories":[218],"tags":[],"class_list":["post-5458","post","type-post","status-publish","format-standard","has-post-thumbnail","hentry","category-noticias-generales-pt"],"lang":"pt","translations":{"pt":5458,"es":5455},"pll_sync_post":[],"post_mailing_queue_ids":[],"_links":{"self":[{"href":"http:\/\/staging.ibermusicas.org\/index.php\/wp-json\/wp\/v2\/posts\/5458","targetHints":{"allow":["GET"]}}],"collection":[{"href":"http:\/\/staging.ibermusicas.org\/index.php\/wp-json\/wp\/v2\/posts"}],"about":[{"href":"http:\/\/staging.ibermusicas.org\/index.php\/wp-json\/wp\/v2\/types\/post"}],"author":[{"embeddable":true,"href":"http:\/\/staging.ibermusicas.org\/index.php\/wp-json\/wp\/v2\/users\/1"}],"replies":[{"embeddable":true,"href":"http:\/\/staging.ibermusicas.org\/index.php\/wp-json\/wp\/v2\/comments?post=5458"}],"version-history":[{"count":1,"href":"http:\/\/staging.ibermusicas.org\/index.php\/wp-json\/wp\/v2\/posts\/5458\/revisions"}],"predecessor-version":[{"id":5459,"href":"http:\/\/staging.ibermusicas.org\/index.php\/wp-json\/wp\/v2\/posts\/5458\/revisions\/5459"}],"wp:featuredmedia":[{"embeddable":true,"href":"http:\/\/staging.ibermusicas.org\/index.php\/wp-json\/wp\/v2\/media\/5456"}],"wp:attachment":[{"href":"http:\/\/staging.ibermusicas.org\/index.php\/wp-json\/wp\/v2\/media?parent=5458"}],"wp:term":[{"taxonomy":"category","embeddable":true,"href":"http:\/\/staging.ibermusicas.org\/index.php\/wp-json\/wp\/v2\/categories?post=5458"},{"taxonomy":"post_tag","embeddable":true,"href":"http:\/\/staging.ibermusicas.org\/index.php\/wp-json\/wp\/v2\/tags?post=5458"}],"curies":[{"name":"wp","href":"https:\/\/api.w.org\/{rel}","templated":true}]}}