{"id":5467,"date":"2021-04-08T18:26:37","date_gmt":"2021-04-08T18:26:37","guid":{"rendered":"http:\/\/staging.ibermusicas.org\/?p=5467"},"modified":"2021-05-04T17:29:08","modified_gmt":"2021-05-04T17:29:08","slug":"comienza-el-ciclo-radial-los-otros-cuentos-emitido-desde-rosario-provincia-de-santa-fe-argentina","status":"publish","type":"post","link":"http:\/\/staging.ibermusicas.org\/index.php\/comienza-el-ciclo-radial-los-otros-cuentos-emitido-desde-rosario-provincia-de-santa-fe-argentina\/","title":{"rendered":"COMIENZA EL CICLO RADIAL \u201cLOS OTROS CUENTOS\u201d EMITIDO DESDE ROSARIO, PROVINCIA DE SANTA FE, ARGENTINA"},"content":{"rendered":"<p>A partir del 11 de abril llega Los Otros Cuentos. Un programa multiplataforma que ir\u00e1 recorriendo la escena cultural Iberoamericana actual a trav\u00e9s de entrevistas a m\u00fasicos destacados. Buscar\u00e1n visualizar el panorama, la riqueza, la diversidad y la cantidad de m\u00fasicas existentes en la regi\u00f3n, tanto tradicionales como propuestas contempor\u00e1neas en la voz de sus hacedores.<\/p>\n<p>Con la conducci\u00f3n de Fernando Lingiardi, todos los domingos a las 19 por Radio S\u00ed, FM 98.9 de Rosario, para compartir un espacio con la m\u00fasica popular.<\/p>\n<p>Comienza: domingo 11 de abril 19 hs por Radio S\u00ed, FM 98.9 y tambi\u00e9n en Instagram, Facebook y Youtube<\/p>\n","protected":false},"excerpt":{"rendered":"<p>A partir del 11 de abril llega Los Otros Cuentos. Un programa multiplataforma que ir\u00e1 recorriendo la escena cultural Iberoamericana actual a trav\u00e9s de entrevistas a m\u00fasicos destacados. Buscar\u00e1n visualizar el panorama, la riqueza, la diversidad y la cantidad de m\u00fasicas existentes en la regi\u00f3n, tanto tradicionales como propuestas contempor\u00e1neas en la voz de sus [&hellip;]<\/p>\n","protected":false},"author":1,"featured_media":5468,"comment_status":"closed","ping_status":"closed","sticky":false,"template":"","format":"standard","meta":{"footnotes":""},"categories":[53],"tags":[],"class_list":["post-5467","post","type-post","status-publish","format-standard","has-post-thumbnail","hentry","category-noticias-generales"],"lang":"es","translations":{"es":5467,"pt":5470},"pll_sync_post":[],"post_mailing_queue_ids":[],"_links":{"self":[{"href":"http:\/\/staging.ibermusicas.org\/index.php\/wp-json\/wp\/v2\/posts\/5467","targetHints":{"allow":["GET"]}}],"collection":[{"href":"http:\/\/staging.ibermusicas.org\/index.php\/wp-json\/wp\/v2\/posts"}],"about":[{"href":"http:\/\/staging.ibermusicas.org\/index.php\/wp-json\/wp\/v2\/types\/post"}],"author":[{"embeddable":true,"href":"http:\/\/staging.ibermusicas.org\/index.php\/wp-json\/wp\/v2\/users\/1"}],"replies":[{"embeddable":true,"href":"http:\/\/staging.ibermusicas.org\/index.php\/wp-json\/wp\/v2\/comments?post=5467"}],"version-history":[{"count":1,"href":"http:\/\/staging.ibermusicas.org\/index.php\/wp-json\/wp\/v2\/posts\/5467\/revisions"}],"predecessor-version":[{"id":5469,"href":"http:\/\/staging.ibermusicas.org\/index.php\/wp-json\/wp\/v2\/posts\/5467\/revisions\/5469"}],"wp:featuredmedia":[{"embeddable":true,"href":"http:\/\/staging.ibermusicas.org\/index.php\/wp-json\/wp\/v2\/media\/5468"}],"wp:attachment":[{"href":"http:\/\/staging.ibermusicas.org\/index.php\/wp-json\/wp\/v2\/media?parent=5467"}],"wp:term":[{"taxonomy":"category","embeddable":true,"href":"http:\/\/staging.ibermusicas.org\/index.php\/wp-json\/wp\/v2\/categories?post=5467"},{"taxonomy":"post_tag","embeddable":true,"href":"http:\/\/staging.ibermusicas.org\/index.php\/wp-json\/wp\/v2\/tags?post=5467"}],"curies":[{"name":"wp","href":"https:\/\/api.w.org\/{rel}","templated":true}]}}