{"id":5470,"date":"2021-04-08T18:27:45","date_gmt":"2021-04-08T18:27:45","guid":{"rendered":"http:\/\/staging.ibermusicas.org\/?p=5470"},"modified":"2021-05-04T17:31:24","modified_gmt":"2021-05-04T17:31:24","slug":"comeca-o-ciclo-de-radio-los-otros-cuentos-transmitido-de-rosario-provincia-de-santa-fe-argentina","status":"publish","type":"post","link":"http:\/\/staging.ibermusicas.org\/index.php\/comeca-o-ciclo-de-radio-los-otros-cuentos-transmitido-de-rosario-provincia-de-santa-fe-argentina\/","title":{"rendered":"COME\u00c7A O CICLO DE R\u00c1DIO \u00abLOS OTROS CUENTOS\u00bb, TRANSMITIDO DE ROS\u00c1RIO, PROV\u00cdNCIA DE SANTA F\u00c9, ARGENTINA"},"content":{"rendered":"<p>Em 11 de abril chega Los otros Cuentos. Um programa multiplataforma que percorrer\u00e1 o cen\u00e1rio cultural ibero-americano atual por meio de entrevistas com m\u00fasicos de destaque. Eles buscar\u00e3o visualizar o panorama, a riqueza, a diversidade e a quantidade de m\u00fasica existente na regi\u00e3o, tanto propostas tradicionais quanto contempor\u00e2neas na voz de seus realizadores.<\/p>\n<p>Com a reg\u00eancia de Fernando Lingiardi, todos os domingos \u00e0s 19 na R\u00e1dio S\u00ed, FM 98,9 de Ros\u00e1rio, para compartilhar um espa\u00e7o com m\u00fasica popular.<\/p>\n<p>In\u00edcio: domingo, 11 de abril, \u00e0s 19h na R\u00e1dio S\u00ed, FM 98.9 e tamb\u00e9m no Instagram, Facebook e Youtube<\/p>\n","protected":false},"excerpt":{"rendered":"<p>Em 11 de abril chega Los otros Cuentos. Um programa multiplataforma que percorrer\u00e1 o cen\u00e1rio cultural ibero-americano atual por meio de entrevistas com m\u00fasicos de destaque. Eles buscar\u00e3o visualizar o panorama, a riqueza, a diversidade e a quantidade de m\u00fasica existente na regi\u00e3o, tanto propostas tradicionais quanto contempor\u00e2neas na voz de seus realizadores. Com a [&hellip;]<\/p>\n","protected":false},"author":1,"featured_media":5468,"comment_status":"closed","ping_status":"closed","sticky":false,"template":"","format":"standard","meta":{"footnotes":""},"categories":[218],"tags":[],"class_list":["post-5470","post","type-post","status-publish","format-standard","has-post-thumbnail","hentry","category-noticias-generales-pt"],"lang":"pt","translations":{"pt":5470,"es":5467},"pll_sync_post":[],"post_mailing_queue_ids":[],"_links":{"self":[{"href":"http:\/\/staging.ibermusicas.org\/index.php\/wp-json\/wp\/v2\/posts\/5470","targetHints":{"allow":["GET"]}}],"collection":[{"href":"http:\/\/staging.ibermusicas.org\/index.php\/wp-json\/wp\/v2\/posts"}],"about":[{"href":"http:\/\/staging.ibermusicas.org\/index.php\/wp-json\/wp\/v2\/types\/post"}],"author":[{"embeddable":true,"href":"http:\/\/staging.ibermusicas.org\/index.php\/wp-json\/wp\/v2\/users\/1"}],"replies":[{"embeddable":true,"href":"http:\/\/staging.ibermusicas.org\/index.php\/wp-json\/wp\/v2\/comments?post=5470"}],"version-history":[{"count":1,"href":"http:\/\/staging.ibermusicas.org\/index.php\/wp-json\/wp\/v2\/posts\/5470\/revisions"}],"predecessor-version":[{"id":5471,"href":"http:\/\/staging.ibermusicas.org\/index.php\/wp-json\/wp\/v2\/posts\/5470\/revisions\/5471"}],"wp:featuredmedia":[{"embeddable":true,"href":"http:\/\/staging.ibermusicas.org\/index.php\/wp-json\/wp\/v2\/media\/5468"}],"wp:attachment":[{"href":"http:\/\/staging.ibermusicas.org\/index.php\/wp-json\/wp\/v2\/media?parent=5470"}],"wp:term":[{"taxonomy":"category","embeddable":true,"href":"http:\/\/staging.ibermusicas.org\/index.php\/wp-json\/wp\/v2\/categories?post=5470"},{"taxonomy":"post_tag","embeddable":true,"href":"http:\/\/staging.ibermusicas.org\/index.php\/wp-json\/wp\/v2\/tags?post=5470"}],"curies":[{"name":"wp","href":"https:\/\/api.w.org\/{rel}","templated":true}]}}