{"id":5472,"date":"2021-04-08T18:34:44","date_gmt":"2021-04-08T18:34:44","guid":{"rendered":"http:\/\/staging.ibermusicas.org\/?p=5472"},"modified":"2021-05-04T17:28:54","modified_gmt":"2021-05-04T17:28:54","slug":"afrodisiaco-de-panama-junto-a-comprovisation-project-de-chile-estrenaron-el-video-del-tema-desaparecidas","status":"publish","type":"post","link":"http:\/\/staging.ibermusicas.org\/index.php\/afrodisiaco-de-panama-junto-a-comprovisation-project-de-chile-estrenaron-el-video-del-tema-desaparecidas\/","title":{"rendered":"AFRODIS\u00cdACO DE PANAM\u00c1 JUNTO A COMPROVISATION PROJECT DE CHILE, ESTRENARON EL VIDEO DEL TEMA \u201cDESAPARECIDAS\u201d"},"content":{"rendered":"<p>\u201cDesaparecidas\u201d es una reescritura de \u201cDesapariciones\u201d, el ic\u00f3nico tema del cantautor paname\u00f1o Rub\u00e9n Blades. Aquella canci\u00f3n que en su momento reflejara la cruda realidad de las desapariciones forzadas de personas durante la negra noche de las dictaduras militares latinoamericanas hoy es reescrita por artistas paname\u00f1as y chilenas para realizar un llamamiento sobre la violencia contra las mujeres, los femicidios y la trata de personas.<\/p>\n<p>Con el permiso y respaldo de Rub\u00e9n Blades, el artista se suma a la difusi\u00f3n del proyecto en redes sociales. La iniciativa cuenta tambi\u00e9n con el apoyo en la difusi\u00f3n del Fondo de Poblaci\u00f3n de las Naciones Unidas a trav\u00e9s de su campa\u00f1a \u00abLetras contra la violencia\u00bb.<\/p>\n<p>Este proyecto de cooperaci\u00f3n internacional continuar\u00e1 con el lanzamiento de \u201cDeja La Vida Volar\u201d, una canci\u00f3n del autor chileno V\u00edctor Jara y paname\u00f1izada por la agrupaci\u00f3n Afrodis\u00edaco.<\/p>\n<p>Video de la canci\u00f3n \u201cDesaparecidas\u201d:\u00a0<a href=\"https:\/\/lt.mydplr.com\/bf77fd292acc2b136709b8e35aa7b4f7-81868bec073b3970fa62af291f12b42d\" target=\"_blank\" rel=\"noopener\" data-saferedirecturl=\"https:\/\/www.google.com\/url?q=https:\/\/lt.mydplr.com\/bf77fd292acc2b136709b8e35aa7b4f7-81868bec073b3970fa62af291f12b42d&amp;source=gmail&amp;ust=1617987516416000&amp;usg=AFQjCNFul273BAddh7_1p8Vil3ZkidunAg\">www.youtube.com<\/a><\/p>\n<p>Conversatorio 8M:\u00a0<a href=\"https:\/\/lt.mydplr.com\/774eb3010663e23bf90f684bd08f780c-81868bec073b3970fa62af291f12b42d\" target=\"_blank\" rel=\"noopener\" data-saferedirecturl=\"https:\/\/www.google.com\/url?q=https:\/\/lt.mydplr.com\/774eb3010663e23bf90f684bd08f780c-81868bec073b3970fa62af291f12b42d&amp;source=gmail&amp;ust=1617987516416000&amp;usg=AFQjCNHUWs5JiXRXL73yjz9sA_5IRRECKQ\">www.youtube.com<\/a><\/p>\n","protected":false},"excerpt":{"rendered":"<p>\u201cDesaparecidas\u201d es una reescritura de \u201cDesapariciones\u201d, el ic\u00f3nico tema del cantautor paname\u00f1o Rub\u00e9n Blades. Aquella canci\u00f3n que en su momento reflejara la cruda realidad de las desapariciones forzadas de personas durante la negra noche de las dictaduras militares latinoamericanas hoy es reescrita por artistas paname\u00f1as y chilenas para realizar un llamamiento sobre la violencia contra [&hellip;]<\/p>\n","protected":false},"author":1,"featured_media":4568,"comment_status":"closed","ping_status":"closed","sticky":false,"template":"","format":"standard","meta":{"footnotes":""},"categories":[53],"tags":[],"class_list":["post-5472","post","type-post","status-publish","format-standard","has-post-thumbnail","hentry","category-noticias-generales"],"lang":"es","translations":{"es":5472,"pt":5474},"pll_sync_post":[],"post_mailing_queue_ids":[],"_links":{"self":[{"href":"http:\/\/staging.ibermusicas.org\/index.php\/wp-json\/wp\/v2\/posts\/5472","targetHints":{"allow":["GET"]}}],"collection":[{"href":"http:\/\/staging.ibermusicas.org\/index.php\/wp-json\/wp\/v2\/posts"}],"about":[{"href":"http:\/\/staging.ibermusicas.org\/index.php\/wp-json\/wp\/v2\/types\/post"}],"author":[{"embeddable":true,"href":"http:\/\/staging.ibermusicas.org\/index.php\/wp-json\/wp\/v2\/users\/1"}],"replies":[{"embeddable":true,"href":"http:\/\/staging.ibermusicas.org\/index.php\/wp-json\/wp\/v2\/comments?post=5472"}],"version-history":[{"count":1,"href":"http:\/\/staging.ibermusicas.org\/index.php\/wp-json\/wp\/v2\/posts\/5472\/revisions"}],"predecessor-version":[{"id":5473,"href":"http:\/\/staging.ibermusicas.org\/index.php\/wp-json\/wp\/v2\/posts\/5472\/revisions\/5473"}],"wp:featuredmedia":[{"embeddable":true,"href":"http:\/\/staging.ibermusicas.org\/index.php\/wp-json\/wp\/v2\/media\/4568"}],"wp:attachment":[{"href":"http:\/\/staging.ibermusicas.org\/index.php\/wp-json\/wp\/v2\/media?parent=5472"}],"wp:term":[{"taxonomy":"category","embeddable":true,"href":"http:\/\/staging.ibermusicas.org\/index.php\/wp-json\/wp\/v2\/categories?post=5472"},{"taxonomy":"post_tag","embeddable":true,"href":"http:\/\/staging.ibermusicas.org\/index.php\/wp-json\/wp\/v2\/tags?post=5472"}],"curies":[{"name":"wp","href":"https:\/\/api.w.org\/{rel}","templated":true}]}}