{"id":5474,"date":"2021-04-08T18:37:09","date_gmt":"2021-04-08T18:37:09","guid":{"rendered":"http:\/\/staging.ibermusicas.org\/?p=5474"},"modified":"2021-05-04T17:31:16","modified_gmt":"2021-05-04T17:31:16","slug":"afrodisiaco-do-panama-junto-a-comprovisation-project-do-chile-estrearam-o-video-do-tema-desaparecidas","status":"publish","type":"post","link":"http:\/\/staging.ibermusicas.org\/index.php\/afrodisiaco-do-panama-junto-a-comprovisation-project-do-chile-estrearam-o-video-do-tema-desaparecidas\/","title":{"rendered":"AFRODIS\u00cdACO DO PANAM\u00c1 JUNTO A COMPROVISATION PROJECT DO CHILE, ESTREARAM O V\u00cdDEO DO TEMA \u00abDESAPARECIDAS\u00bb"},"content":{"rendered":"<p>\u00abDesaparecidas\u00bb \u00e9 uma reescrita de \u00abDesaparecimentos\u00bb, o ic\u00f4nico tema do compositor panamenho Rub\u00e9n Blades. Aquela can\u00e7\u00e3o que em seu momento refletira a dura realidade dos desaparecimentos for\u00e7ados de pessoas durante a negra noite das ditaduras militares latino-americanas hoje \u00e9 reescrita por artistas panamenhos e chilenos para realizar um apelo sobre a viol\u00eancia contra as mulheres, os crimes contra as mulheres e o tr\u00e1fico de pessoas.<\/p>\n<p>Com a permiss\u00e3o e o apoio de Rub\u00e9n Blades, o artista se junta \u00e0 difus\u00e3o do projeto em redes sociais. A iniciativa conta tamb\u00e9m com o apoio na difus\u00e3o do Fundo de Popula\u00e7\u00e3o das Na\u00e7\u00f5es Unidas atrav\u00e9s de sua campanha \u00abLetras contra a viol\u00eancia\u00bb.<\/p>\n<p>Este projeto de coopera\u00e7\u00e3o internacional continuar\u00e1 com o lan\u00e7amento de \u00abDeixe a Vida Voar\u00bb, uma can\u00e7\u00e3o do autor chileno V\u00edctor Jara e panamenhizada pelo grupo Afrodis\u00edaco.<\/p>\n<p>Video de la canci\u00f3n \u201cDesaparecidas\u201d:\u00a0<a href=\"https:\/\/lt.mydplr.com\/bf77fd292acc2b136709b8e35aa7b4f7-81868bec073b3970fa62af291f12b42d\" target=\"_blank\" rel=\"noopener\" data-saferedirecturl=\"https:\/\/www.google.com\/url?q=https:\/\/lt.mydplr.com\/bf77fd292acc2b136709b8e35aa7b4f7-81868bec073b3970fa62af291f12b42d&amp;source=gmail&amp;ust=1617987516416000&amp;usg=AFQjCNFul273BAddh7_1p8Vil3ZkidunAg\">www.youtube.com<\/a><\/p>\n<p>Conversatorio 8M:\u00a0<a href=\"https:\/\/lt.mydplr.com\/774eb3010663e23bf90f684bd08f780c-81868bec073b3970fa62af291f12b42d\" target=\"_blank\" rel=\"noopener\" data-saferedirecturl=\"https:\/\/www.google.com\/url?q=https:\/\/lt.mydplr.com\/774eb3010663e23bf90f684bd08f780c-81868bec073b3970fa62af291f12b42d&amp;source=gmail&amp;ust=1617987516416000&amp;usg=AFQjCNHUWs5JiXRXL73yjz9sA_5IRRECKQ\">www.youtube.com<\/a><\/p>\n","protected":false},"excerpt":{"rendered":"<p>\u00abDesaparecidas\u00bb \u00e9 uma reescrita de \u00abDesaparecimentos\u00bb, o ic\u00f4nico tema do compositor panamenho Rub\u00e9n Blades. Aquela can\u00e7\u00e3o que em seu momento refletira a dura realidade dos desaparecimentos for\u00e7ados de pessoas durante a negra noite das ditaduras militares latino-americanas hoje \u00e9 reescrita por artistas panamenhos e chilenos para realizar um apelo sobre a viol\u00eancia contra as mulheres, [&hellip;]<\/p>\n","protected":false},"author":1,"featured_media":4568,"comment_status":"closed","ping_status":"closed","sticky":false,"template":"","format":"standard","meta":{"footnotes":""},"categories":[218],"tags":[],"class_list":["post-5474","post","type-post","status-publish","format-standard","has-post-thumbnail","hentry","category-noticias-generales-pt"],"lang":"pt","translations":{"pt":5474,"es":5472},"pll_sync_post":[],"post_mailing_queue_ids":[],"_links":{"self":[{"href":"http:\/\/staging.ibermusicas.org\/index.php\/wp-json\/wp\/v2\/posts\/5474","targetHints":{"allow":["GET"]}}],"collection":[{"href":"http:\/\/staging.ibermusicas.org\/index.php\/wp-json\/wp\/v2\/posts"}],"about":[{"href":"http:\/\/staging.ibermusicas.org\/index.php\/wp-json\/wp\/v2\/types\/post"}],"author":[{"embeddable":true,"href":"http:\/\/staging.ibermusicas.org\/index.php\/wp-json\/wp\/v2\/users\/1"}],"replies":[{"embeddable":true,"href":"http:\/\/staging.ibermusicas.org\/index.php\/wp-json\/wp\/v2\/comments?post=5474"}],"version-history":[{"count":1,"href":"http:\/\/staging.ibermusicas.org\/index.php\/wp-json\/wp\/v2\/posts\/5474\/revisions"}],"predecessor-version":[{"id":5475,"href":"http:\/\/staging.ibermusicas.org\/index.php\/wp-json\/wp\/v2\/posts\/5474\/revisions\/5475"}],"wp:featuredmedia":[{"embeddable":true,"href":"http:\/\/staging.ibermusicas.org\/index.php\/wp-json\/wp\/v2\/media\/4568"}],"wp:attachment":[{"href":"http:\/\/staging.ibermusicas.org\/index.php\/wp-json\/wp\/v2\/media?parent=5474"}],"wp:term":[{"taxonomy":"category","embeddable":true,"href":"http:\/\/staging.ibermusicas.org\/index.php\/wp-json\/wp\/v2\/categories?post=5474"},{"taxonomy":"post_tag","embeddable":true,"href":"http:\/\/staging.ibermusicas.org\/index.php\/wp-json\/wp\/v2\/tags?post=5474"}],"curies":[{"name":"wp","href":"https:\/\/api.w.org\/{rel}","templated":true}]}}