{"id":5476,"date":"2021-04-08T18:45:36","date_gmt":"2021-04-08T18:45:36","guid":{"rendered":"http:\/\/staging.ibermusicas.org\/?p=5476"},"modified":"2021-05-04T17:28:45","modified_gmt":"2021-05-04T17:28:45","slug":"la-red-de-radialistas-del-movimiento-de-la-cancion-infantil-latinoamericana-y-caribena-mocilyc-realizo-el-pre-lanzamiento-de-su-proyecto-nuevas-ondas-sonoras-para-la-infancia","status":"publish","type":"post","link":"http:\/\/staging.ibermusicas.org\/index.php\/la-red-de-radialistas-del-movimiento-de-la-cancion-infantil-latinoamericana-y-caribena-mocilyc-realizo-el-pre-lanzamiento-de-su-proyecto-nuevas-ondas-sonoras-para-la-infancia\/","title":{"rendered":"LA RED DE RADIALISTAS DEL MOVIMIENTO DE LA CANCI\u00d3N INFANTIL LATINOAMERICANA Y CARIBE\u00d1A, MOCILYC, REALIZ\u00d3 EL PRE-LANZAMIENTO DE SU PROYECTO \u00abNUEVAS ONDAS SONORAS PARA LA INFANCIA\u00bb"},"content":{"rendered":"<p>El s\u00e1bado 27 de marzo a las 17:30 horas de Colombia, a trav\u00e9s del Facebook Live del MOCILyC se presentaron antecedentes, fundamentos y sentidos de la APP mediante la cual ser\u00e1 posible acceder a todos los programas radiales dedicados a la infancia que se producen en los pa\u00edses que integran el Movimiento.<\/p>\n<p>Fueron parte de este importante encuentro virtual: por Argentina: Daniel Viola y Coqui Dutto; por Colombia: Jorge Sossa; por Brasil: Eug\u00eanio Tadeu; por Puerto Rico: Nelie Lebr\u00f3n y por Uruguay: Julio Brum. En representaci\u00f3n de Iberm\u00fasicas: Fernando Tomasen\u00eda de la Unidad T\u00e9cnica de Iberm\u00fasicas y Susana Palacios David, REPPI de Iberm\u00fasicas Colombia.<\/p>\n<p>Se puede volver a ver en:\u00a0<a href=\"https:\/\/lt.mydplr.com\/d5e22b67cb49472a7465ad4a53f11c68-81868bec073b3970fa62af291f12b42d\" target=\"_blank\" rel=\"noopener\" data-saferedirecturl=\"https:\/\/www.google.com\/url?q=https:\/\/lt.mydplr.com\/d5e22b67cb49472a7465ad4a53f11c68-81868bec073b3970fa62af291f12b42d&amp;source=gmail&amp;ust=1617987516416000&amp;usg=AFQjCNFwpyqPPmO6f5_vv6UsvrG1FeA6dg\">www.facebook.com<\/a><\/p>\n","protected":false},"excerpt":{"rendered":"<p>El s\u00e1bado 27 de marzo a las 17:30 horas de Colombia, a trav\u00e9s del Facebook Live del MOCILyC se presentaron antecedentes, fundamentos y sentidos de la APP mediante la cual ser\u00e1 posible acceder a todos los programas radiales dedicados a la infancia que se producen en los pa\u00edses que integran el Movimiento. Fueron parte de [&hellip;]<\/p>\n","protected":false},"author":1,"featured_media":5477,"comment_status":"closed","ping_status":"closed","sticky":false,"template":"","format":"standard","meta":{"footnotes":""},"categories":[53],"tags":[],"class_list":["post-5476","post","type-post","status-publish","format-standard","has-post-thumbnail","hentry","category-noticias-generales"],"lang":"es","translations":{"es":5476,"pt":5479},"pll_sync_post":[],"post_mailing_queue_ids":[],"_links":{"self":[{"href":"http:\/\/staging.ibermusicas.org\/index.php\/wp-json\/wp\/v2\/posts\/5476","targetHints":{"allow":["GET"]}}],"collection":[{"href":"http:\/\/staging.ibermusicas.org\/index.php\/wp-json\/wp\/v2\/posts"}],"about":[{"href":"http:\/\/staging.ibermusicas.org\/index.php\/wp-json\/wp\/v2\/types\/post"}],"author":[{"embeddable":true,"href":"http:\/\/staging.ibermusicas.org\/index.php\/wp-json\/wp\/v2\/users\/1"}],"replies":[{"embeddable":true,"href":"http:\/\/staging.ibermusicas.org\/index.php\/wp-json\/wp\/v2\/comments?post=5476"}],"version-history":[{"count":1,"href":"http:\/\/staging.ibermusicas.org\/index.php\/wp-json\/wp\/v2\/posts\/5476\/revisions"}],"predecessor-version":[{"id":5478,"href":"http:\/\/staging.ibermusicas.org\/index.php\/wp-json\/wp\/v2\/posts\/5476\/revisions\/5478"}],"wp:featuredmedia":[{"embeddable":true,"href":"http:\/\/staging.ibermusicas.org\/index.php\/wp-json\/wp\/v2\/media\/5477"}],"wp:attachment":[{"href":"http:\/\/staging.ibermusicas.org\/index.php\/wp-json\/wp\/v2\/media?parent=5476"}],"wp:term":[{"taxonomy":"category","embeddable":true,"href":"http:\/\/staging.ibermusicas.org\/index.php\/wp-json\/wp\/v2\/categories?post=5476"},{"taxonomy":"post_tag","embeddable":true,"href":"http:\/\/staging.ibermusicas.org\/index.php\/wp-json\/wp\/v2\/tags?post=5476"}],"curies":[{"name":"wp","href":"https:\/\/api.w.org\/{rel}","templated":true}]}}