{"id":5479,"date":"2021-04-08T18:48:44","date_gmt":"2021-04-08T18:48:44","guid":{"rendered":"http:\/\/staging.ibermusicas.org\/?p=5479"},"modified":"2021-05-04T17:31:09","modified_gmt":"2021-05-04T17:31:09","slug":"a-rede-de-radialistas-do-movimento-da-cancao-infantil-latino-americana-e-caribenha-mocilyc-realizou-o-pre-lancamento-de-seu-projeto-novas-ondas-sonoras-para-a-infancia","status":"publish","type":"post","link":"http:\/\/staging.ibermusicas.org\/index.php\/a-rede-de-radialistas-do-movimento-da-cancao-infantil-latino-americana-e-caribenha-mocilyc-realizou-o-pre-lancamento-de-seu-projeto-novas-ondas-sonoras-para-a-infancia\/","title":{"rendered":"A REDE DE RADIALISTAS DO MOVIMENTO DA CAN\u00c7\u00c3O INFANTIL LATINO-AMERICANA E CARIBENHA, MOCILYC, REALIZOU O PR\u00c9-LAN\u00c7AMENTO DE SEU PROJETO \u00abNOVAS ONDAS SONORAS PARA A INF\u00c2NCIA\u00bb"},"content":{"rendered":"<p>O s\u00e1bado, 27 de mar\u00e7o, \u00e0s 17h30, na Col\u00f4mbia, atrav\u00e9s do Facebook Live do MOCILyC foram apresentados antecedentes, fundamentos e sentidos da APP mediante a qual ser\u00e1 poss\u00edvel ter acesso a todos os programas de r\u00e1dio dedicados \u00e0 inf\u00e2ncia que se produzem nos pa\u00edses que integram o Movimento.<\/p>\n<p>Foram parte deste importante encontro virtual: pela Argentina: Daniel Viola e Coqui Dutto; pela Col\u00f4mbia: Jorge Sossa; pelo Brasil: Eug\u00eanio Tadeu; por Porto Rico: Nelie Lebr\u00f3n e pelo Uruguai: Julio Brum. Em representa\u00e7\u00e3o da Iberm\u00fasicas: Fernando Tomasen\u00eda da Unidade T\u00e9cnica de Iberm\u00fasicas e Susana Palacios, REPPI de Iberm\u00fasicas Col\u00f4mbia.<\/p>\n<p>Se puede volver a ver en:\u00a0<a href=\"https:\/\/lt.mydplr.com\/d5e22b67cb49472a7465ad4a53f11c68-81868bec073b3970fa62af291f12b42d\" target=\"_blank\" rel=\"noopener\" data-saferedirecturl=\"https:\/\/www.google.com\/url?q=https:\/\/lt.mydplr.com\/d5e22b67cb49472a7465ad4a53f11c68-81868bec073b3970fa62af291f12b42d&amp;source=gmail&amp;ust=1617987516416000&amp;usg=AFQjCNFwpyqPPmO6f5_vv6UsvrG1FeA6dg\">www.facebook.com<\/a><\/p>\n","protected":false},"excerpt":{"rendered":"<p>O s\u00e1bado, 27 de mar\u00e7o, \u00e0s 17h30, na Col\u00f4mbia, atrav\u00e9s do Facebook Live do MOCILyC foram apresentados antecedentes, fundamentos e sentidos da APP mediante a qual ser\u00e1 poss\u00edvel ter acesso a todos os programas de r\u00e1dio dedicados \u00e0 inf\u00e2ncia que se produzem nos pa\u00edses que integram o Movimento. Foram parte deste importante encontro virtual: pela [&hellip;]<\/p>\n","protected":false},"author":1,"featured_media":5477,"comment_status":"closed","ping_status":"closed","sticky":false,"template":"","format":"standard","meta":{"footnotes":""},"categories":[218],"tags":[],"class_list":["post-5479","post","type-post","status-publish","format-standard","has-post-thumbnail","hentry","category-noticias-generales-pt"],"lang":"pt","translations":{"pt":5479,"es":5476},"pll_sync_post":[],"post_mailing_queue_ids":[],"_links":{"self":[{"href":"http:\/\/staging.ibermusicas.org\/index.php\/wp-json\/wp\/v2\/posts\/5479","targetHints":{"allow":["GET"]}}],"collection":[{"href":"http:\/\/staging.ibermusicas.org\/index.php\/wp-json\/wp\/v2\/posts"}],"about":[{"href":"http:\/\/staging.ibermusicas.org\/index.php\/wp-json\/wp\/v2\/types\/post"}],"author":[{"embeddable":true,"href":"http:\/\/staging.ibermusicas.org\/index.php\/wp-json\/wp\/v2\/users\/1"}],"replies":[{"embeddable":true,"href":"http:\/\/staging.ibermusicas.org\/index.php\/wp-json\/wp\/v2\/comments?post=5479"}],"version-history":[{"count":1,"href":"http:\/\/staging.ibermusicas.org\/index.php\/wp-json\/wp\/v2\/posts\/5479\/revisions"}],"predecessor-version":[{"id":5480,"href":"http:\/\/staging.ibermusicas.org\/index.php\/wp-json\/wp\/v2\/posts\/5479\/revisions\/5480"}],"wp:featuredmedia":[{"embeddable":true,"href":"http:\/\/staging.ibermusicas.org\/index.php\/wp-json\/wp\/v2\/media\/5477"}],"wp:attachment":[{"href":"http:\/\/staging.ibermusicas.org\/index.php\/wp-json\/wp\/v2\/media?parent=5479"}],"wp:term":[{"taxonomy":"category","embeddable":true,"href":"http:\/\/staging.ibermusicas.org\/index.php\/wp-json\/wp\/v2\/categories?post=5479"},{"taxonomy":"post_tag","embeddable":true,"href":"http:\/\/staging.ibermusicas.org\/index.php\/wp-json\/wp\/v2\/tags?post=5479"}],"curies":[{"name":"wp","href":"https:\/\/api.w.org\/{rel}","templated":true}]}}