{"id":5481,"date":"2021-04-09T17:52:30","date_gmt":"2021-04-09T17:52:30","guid":{"rendered":"http:\/\/staging.ibermusicas.org\/?p=5481"},"modified":"2021-05-04T17:28:37","modified_gmt":"2021-05-04T17:28:37","slug":"se-inician-las-transmisiones-de-somos-uno-el-proyecto-que-une-colombia-y-argentina-a-traves-del-tango","status":"publish","type":"post","link":"http:\/\/staging.ibermusicas.org\/index.php\/se-inician-las-transmisiones-de-somos-uno-el-proyecto-que-une-colombia-y-argentina-a-traves-del-tango\/","title":{"rendered":"SE INICIAN LAS TRANSMISIONES DE \u201cSOMOS UNO\u201d EL PROYECTO QUE UNE COLOMBIA Y ARGENTINA A TRAV\u00c9S DEL TANGO"},"content":{"rendered":"<p>La artista colombiana Carmen \u00dasuga crea el proyecto Somos uno en el que convoca a un grupo de artistas independientes de gran trayectoria en el mundo del tango de Colombia y Argentina para realizar un encuentro de saberes y compartir con el p\u00fablico nuevas composiciones en este g\u00e9nero que hermana a ambos pa\u00edses.<\/p>\n<p>La propuesta une varias expresiones art\u00edsticas: canto, m\u00fasica, poes\u00eda y baile. El proyecto expresa que Somos uno con el arte, que no importan las distancias, que la integraci\u00f3n es fundamental para el crecimiento de los individuos, que la uni\u00f3n fortalece, potencia y difunde este g\u00e9nero tan arraigado en nuestros pa\u00edses.<\/p>\n<p>Son parte de \u201cSomos Uno\u201d: Poes\u00eda: Cristina Toro, de Colombia, quien es actriz, escritora, compositora y poeta y Marta Pizzo, de Argentina, poeta, autora, compositora, cantante, gestora cultural y productora. Danza: las bailarinas colombianas Katherine Lait\u00f3n y Milena H. Molina. M\u00fasica: Carmen \u00dasuga, cantante y gestora cultural colombiana, Walter Larroqu\u00e9t de Argentina, cantor, compositor, arreglista y guitarrista y Fabio S\u00e1nchez, bandoneonista colombiano, maestro en artes musicales, compositor y arreglista.<\/p>\n<p>Se ver\u00e1 en:\u00a0<a href=\"https:\/\/lt.mydplr.com\/07df6468d1383cff844fa6ed1fd30b61-81868bec073b3970fa62af291f12b42d\" target=\"_blank\" rel=\"noopener\" data-saferedirecturl=\"https:\/\/www.google.com\/url?q=https:\/\/lt.mydplr.com\/07df6468d1383cff844fa6ed1fd30b61-81868bec073b3970fa62af291f12b42d&amp;source=gmail&amp;ust=1618076157154000&amp;usg=AFQjCNFkiL7xkJQLwRodIWXWXmXeLQnPXQ\">www.youtube.com<\/a>\u00a0en 3 cap\u00edtulos especiales: 17 de abril, 1ero de mayo y 22 de mayo a las 18:00 de Colombia.<\/p>\n","protected":false},"excerpt":{"rendered":"<p>La artista colombiana Carmen \u00dasuga crea el proyecto Somos uno en el que convoca a un grupo de artistas independientes de gran trayectoria en el mundo del tango de Colombia y Argentina para realizar un encuentro de saberes y compartir con el p\u00fablico nuevas composiciones en este g\u00e9nero que hermana a ambos pa\u00edses. La propuesta [&hellip;]<\/p>\n","protected":false},"author":1,"featured_media":5482,"comment_status":"closed","ping_status":"closed","sticky":false,"template":"","format":"standard","meta":{"footnotes":""},"categories":[53],"tags":[],"class_list":["post-5481","post","type-post","status-publish","format-standard","has-post-thumbnail","hentry","category-noticias-generales"],"lang":"es","translations":{"es":5481,"pt":5485},"pll_sync_post":[],"post_mailing_queue_ids":[],"_links":{"self":[{"href":"http:\/\/staging.ibermusicas.org\/index.php\/wp-json\/wp\/v2\/posts\/5481","targetHints":{"allow":["GET"]}}],"collection":[{"href":"http:\/\/staging.ibermusicas.org\/index.php\/wp-json\/wp\/v2\/posts"}],"about":[{"href":"http:\/\/staging.ibermusicas.org\/index.php\/wp-json\/wp\/v2\/types\/post"}],"author":[{"embeddable":true,"href":"http:\/\/staging.ibermusicas.org\/index.php\/wp-json\/wp\/v2\/users\/1"}],"replies":[{"embeddable":true,"href":"http:\/\/staging.ibermusicas.org\/index.php\/wp-json\/wp\/v2\/comments?post=5481"}],"version-history":[{"count":2,"href":"http:\/\/staging.ibermusicas.org\/index.php\/wp-json\/wp\/v2\/posts\/5481\/revisions"}],"predecessor-version":[{"id":5484,"href":"http:\/\/staging.ibermusicas.org\/index.php\/wp-json\/wp\/v2\/posts\/5481\/revisions\/5484"}],"wp:featuredmedia":[{"embeddable":true,"href":"http:\/\/staging.ibermusicas.org\/index.php\/wp-json\/wp\/v2\/media\/5482"}],"wp:attachment":[{"href":"http:\/\/staging.ibermusicas.org\/index.php\/wp-json\/wp\/v2\/media?parent=5481"}],"wp:term":[{"taxonomy":"category","embeddable":true,"href":"http:\/\/staging.ibermusicas.org\/index.php\/wp-json\/wp\/v2\/categories?post=5481"},{"taxonomy":"post_tag","embeddable":true,"href":"http:\/\/staging.ibermusicas.org\/index.php\/wp-json\/wp\/v2\/tags?post=5481"}],"curies":[{"name":"wp","href":"https:\/\/api.w.org\/{rel}","templated":true}]}}