{"id":5485,"date":"2021-04-09T17:54:54","date_gmt":"2021-04-09T17:54:54","guid":{"rendered":"http:\/\/staging.ibermusicas.org\/?p=5485"},"modified":"2021-05-04T17:31:03","modified_gmt":"2021-05-04T17:31:03","slug":"se-iniciam-as-transmissoes-de-somos-um-o-projeto-que-une-colombia-e-argentina-atraves-do-tango","status":"publish","type":"post","link":"http:\/\/staging.ibermusicas.org\/index.php\/se-iniciam-as-transmissoes-de-somos-um-o-projeto-que-une-colombia-e-argentina-atraves-do-tango\/","title":{"rendered":"SE INICIAM AS TRANSMISS\u00d5ES DE \u00abSOMOS UM\u00bb O PROJETO QUE UNE COL\u00d4MBIA E ARGENTINA ATRAV\u00c9S DO TANGO"},"content":{"rendered":"<p>A artista colombiana Carmen \u00dasuga cria o projeto Somos um em que convoca um grupo de artistas independentes de grande trajet\u00f3ria no mundo do tango da Col\u00f4mbia e Argentina para realizar um encontro de saberes e compartilhar com o p\u00fablico novas composi\u00e7\u00f5es neste g\u00eanero que irmana ambos os pa\u00edses.<\/p>\n<p>A proposta une v\u00e1rias express\u00f5es art\u00edsticas: canto, m\u00fasica, poesia e dan\u00e7a. O projeto expressa que Somos um com a arte, que n\u00e3o importam as dist\u00e2ncias, que a integra\u00e7\u00e3o \u00e9 fundamental para o crescimento dos indiv\u00edduos, que a uni\u00e3o fortalece, potencia e difunde este g\u00eanero t\u00e3o arraigado em nossos pa\u00edses.<\/p>\n<p>S\u00e3o parte de \u00abSomos Um\u00bb: Poesia: Cristina Toro, da Col\u00f4mbia, que \u00e9 atriz, escritora, compositora e poeta e Marta Pizzo, da Argentina, poeta, autora, compositora, cantora, gestora cultural e produtora. Dan\u00e7a: as bailarinas colombianas Katherine Lait\u00f3n e Milena H. Molina. M\u00fasica: Carmen \u00dasuga, cantora e gestora cultural colombiana, Walter Larroqu\u00e9t da Argentina, cantor, compositor, arranjador e guitarrista e Fabio S\u00e1nchez, bandonionista colombiano, mestre em artes musicais, compositor e arranjador.<\/p>\n<p>Ser\u00e1 visto em:\u00a0<a href=\"https:\/\/lt.mydplr.com\/07df6468d1383cff844fa6ed1fd30b61-81868bec073b3970fa62af291f12b42d\" target=\"_blank\" rel=\"noopener\" data-saferedirecturl=\"https:\/\/www.google.com\/url?q=https:\/\/lt.mydplr.com\/07df6468d1383cff844fa6ed1fd30b61-81868bec073b3970fa62af291f12b42d&amp;source=gmail&amp;ust=1618076157154000&amp;usg=AFQjCNFkiL7xkJQLwRodIWXWXmXeLQnPXQ\">www.youtube.com<\/a>\u00a0em 3 cap\u00edtulos especiais: 17 de abril, 1\u00ba de maio e 22 de maio \u00e0s 18:00 da Col\u00f4mbia.<\/p>\n","protected":false},"excerpt":{"rendered":"<p>A artista colombiana Carmen \u00dasuga cria o projeto Somos um em que convoca um grupo de artistas independentes de grande trajet\u00f3ria no mundo do tango da Col\u00f4mbia e Argentina para realizar um encontro de saberes e compartilhar com o p\u00fablico novas composi\u00e7\u00f5es neste g\u00eanero que irmana ambos os pa\u00edses. A proposta une v\u00e1rias express\u00f5es art\u00edsticas: [&hellip;]<\/p>\n","protected":false},"author":1,"featured_media":5482,"comment_status":"closed","ping_status":"closed","sticky":false,"template":"","format":"standard","meta":{"footnotes":""},"categories":[218],"tags":[],"class_list":["post-5485","post","type-post","status-publish","format-standard","has-post-thumbnail","hentry","category-noticias-generales-pt"],"lang":"pt","translations":{"pt":5485,"es":5481},"pll_sync_post":[],"post_mailing_queue_ids":[],"_links":{"self":[{"href":"http:\/\/staging.ibermusicas.org\/index.php\/wp-json\/wp\/v2\/posts\/5485","targetHints":{"allow":["GET"]}}],"collection":[{"href":"http:\/\/staging.ibermusicas.org\/index.php\/wp-json\/wp\/v2\/posts"}],"about":[{"href":"http:\/\/staging.ibermusicas.org\/index.php\/wp-json\/wp\/v2\/types\/post"}],"author":[{"embeddable":true,"href":"http:\/\/staging.ibermusicas.org\/index.php\/wp-json\/wp\/v2\/users\/1"}],"replies":[{"embeddable":true,"href":"http:\/\/staging.ibermusicas.org\/index.php\/wp-json\/wp\/v2\/comments?post=5485"}],"version-history":[{"count":1,"href":"http:\/\/staging.ibermusicas.org\/index.php\/wp-json\/wp\/v2\/posts\/5485\/revisions"}],"predecessor-version":[{"id":5486,"href":"http:\/\/staging.ibermusicas.org\/index.php\/wp-json\/wp\/v2\/posts\/5485\/revisions\/5486"}],"wp:featuredmedia":[{"embeddable":true,"href":"http:\/\/staging.ibermusicas.org\/index.php\/wp-json\/wp\/v2\/media\/5482"}],"wp:attachment":[{"href":"http:\/\/staging.ibermusicas.org\/index.php\/wp-json\/wp\/v2\/media?parent=5485"}],"wp:term":[{"taxonomy":"category","embeddable":true,"href":"http:\/\/staging.ibermusicas.org\/index.php\/wp-json\/wp\/v2\/categories?post=5485"},{"taxonomy":"post_tag","embeddable":true,"href":"http:\/\/staging.ibermusicas.org\/index.php\/wp-json\/wp\/v2\/tags?post=5485"}],"curies":[{"name":"wp","href":"https:\/\/api.w.org\/{rel}","templated":true}]}}