{"id":5492,"date":"2021-04-09T18:09:59","date_gmt":"2021-04-09T18:09:59","guid":{"rendered":"http:\/\/staging.ibermusicas.org\/?p=5492"},"modified":"2021-05-04T17:28:23","modified_gmt":"2021-05-04T17:28:23","slug":"se-realizaran-los-dos-primeros-conciertos-virtuales-del-ciclo-perspectivas-sonoras-2021-del-centro-mexicano-para-la-musica-y-las-artes-sonoras-cmmas","status":"publish","type":"post","link":"http:\/\/staging.ibermusicas.org\/index.php\/se-realizaran-los-dos-primeros-conciertos-virtuales-del-ciclo-perspectivas-sonoras-2021-del-centro-mexicano-para-la-musica-y-las-artes-sonoras-cmmas\/","title":{"rendered":"SE REALIZAR\u00c1N LOS DOS PRIMEROS CONCIERTOS VIRTUALES DEL CICLO PERSPECTIVAS SONORAS 2021 DEL CENTRO MEXICANO PARA LA M\u00daSICA Y LAS ARTES SONORAS (CMMAS)"},"content":{"rendered":"<p>Perspectivas Sonoras 2021 es un ciclo de conciertos y conferencias que se desarrollar\u00e1 de abril a septiembre del a\u00f1o 2021 de forma virtual.<\/p>\n<p>Desde su fundaci\u00f3n en 2006 el CMMAS trabaja para contribuir al desarrollo musical y sonoro tanto en M\u00e9xico como a nivel internacional. A trav\u00e9s de sus programas de acci\u00f3n, fomenta la creaci\u00f3n, promoci\u00f3n y difusi\u00f3n de la obra de artistas y creadores mexicanos y extranjeros, emergentes y con amplia trayectoria; estimula la formaci\u00f3n de p\u00fablicos a trav\u00e9s de programas para ni\u00f1os y j\u00f3venes y p\u00fablico en general y contribuye a la formaci\u00f3n especializada en temas actuales e indispensables para la creaci\u00f3n y desarrollo profesional.<\/p>\n<p>Concierto virtual Perspectivas Sonoras 1. El ciclo de conciertos \u00abPerspectivas Sonoras\u00bb abre la programaci\u00f3n con un concierto a cargo del compositor Tonalli R. Nakamura y el artista visual Emilio Hdz. Cort\u00e9s. concierto enfocado en generar experiencias audiovisuales, alineando estrategias de tecnolog\u00eda, sonido y cine, buscando siempre nuevos horizontes, ampliando la creaci\u00f3n y desarrollo de conceptos. La electr\u00f3nica se encuentra con el glitch, las im\u00e1genes generadas digitalmente y los procesos de cine, que se inspira en la ciencia ficci\u00f3n y la cultura del error, llevando al p\u00fablico a un viaje hacia un futuro incierto.<\/p>\n<p>Concierto virtual Perspectivas Sonoras 2. El segundo concierto del ciclo \u00abPerspectivas Sonoras\u00bb presenta un concierto a cargo del c\u00e9lebre compositor portugu\u00e9s Jo\u00e3o Pedro Oliveira, consta de una compilaci\u00f3n de obras audiovisuales que representan y cruzan distintas realidades y contextos, explorando timbres inusuales y \u00fanicos, propios de la obra del compositor.<\/p>\n<p>Se podr\u00e1 ver en:\u00a0<a href=\"https:\/\/lt.mydplr.com\/b9470c8ecd304563f01fbf59ca1db997-81868bec073b3970fa62af291f12b42d\" target=\"_blank\" rel=\"noopener\" data-saferedirecturl=\"https:\/\/www.google.com\/url?q=https:\/\/lt.mydplr.com\/b9470c8ecd304563f01fbf59ca1db997-81868bec073b3970fa62af291f12b42d&amp;source=gmail&amp;ust=1618076157154000&amp;usg=AFQjCNHhcPsrCCjhZS7JtSvMIt4t1pkhaA\">www.youtube.com<\/a><br \/>\nviernes 9 y viernes 23 de abril, 20:00 hs. (hora de M\u00e9xico)<\/p>\n","protected":false},"excerpt":{"rendered":"<p>Perspectivas Sonoras 2021 es un ciclo de conciertos y conferencias que se desarrollar\u00e1 de abril a septiembre del a\u00f1o 2021 de forma virtual. Desde su fundaci\u00f3n en 2006 el CMMAS trabaja para contribuir al desarrollo musical y sonoro tanto en M\u00e9xico como a nivel internacional. A trav\u00e9s de sus programas de acci\u00f3n, fomenta la creaci\u00f3n, [&hellip;]<\/p>\n","protected":false},"author":1,"featured_media":5493,"comment_status":"closed","ping_status":"closed","sticky":false,"template":"","format":"standard","meta":{"footnotes":""},"categories":[53],"tags":[],"class_list":["post-5492","post","type-post","status-publish","format-standard","has-post-thumbnail","hentry","category-noticias-generales"],"lang":"es","translations":{"es":5492,"pt":5495},"pll_sync_post":[],"post_mailing_queue_ids":[],"_links":{"self":[{"href":"http:\/\/staging.ibermusicas.org\/index.php\/wp-json\/wp\/v2\/posts\/5492","targetHints":{"allow":["GET"]}}],"collection":[{"href":"http:\/\/staging.ibermusicas.org\/index.php\/wp-json\/wp\/v2\/posts"}],"about":[{"href":"http:\/\/staging.ibermusicas.org\/index.php\/wp-json\/wp\/v2\/types\/post"}],"author":[{"embeddable":true,"href":"http:\/\/staging.ibermusicas.org\/index.php\/wp-json\/wp\/v2\/users\/1"}],"replies":[{"embeddable":true,"href":"http:\/\/staging.ibermusicas.org\/index.php\/wp-json\/wp\/v2\/comments?post=5492"}],"version-history":[{"count":1,"href":"http:\/\/staging.ibermusicas.org\/index.php\/wp-json\/wp\/v2\/posts\/5492\/revisions"}],"predecessor-version":[{"id":5494,"href":"http:\/\/staging.ibermusicas.org\/index.php\/wp-json\/wp\/v2\/posts\/5492\/revisions\/5494"}],"wp:featuredmedia":[{"embeddable":true,"href":"http:\/\/staging.ibermusicas.org\/index.php\/wp-json\/wp\/v2\/media\/5493"}],"wp:attachment":[{"href":"http:\/\/staging.ibermusicas.org\/index.php\/wp-json\/wp\/v2\/media?parent=5492"}],"wp:term":[{"taxonomy":"category","embeddable":true,"href":"http:\/\/staging.ibermusicas.org\/index.php\/wp-json\/wp\/v2\/categories?post=5492"},{"taxonomy":"post_tag","embeddable":true,"href":"http:\/\/staging.ibermusicas.org\/index.php\/wp-json\/wp\/v2\/tags?post=5492"}],"curies":[{"name":"wp","href":"https:\/\/api.w.org\/{rel}","templated":true}]}}