{"id":5495,"date":"2021-04-09T18:11:30","date_gmt":"2021-04-09T18:11:30","guid":{"rendered":"http:\/\/staging.ibermusicas.org\/?p=5495"},"modified":"2021-05-04T17:30:48","modified_gmt":"2021-05-04T17:30:48","slug":"serao-realizados-os-dois-primeiros-concertos-virtuais-do-ciclo-perspectivas-sonoras-2021-do-centro-mexicano-para-a-musica-e-as-artes-sonoras-cmmas","status":"publish","type":"post","link":"http:\/\/staging.ibermusicas.org\/index.php\/serao-realizados-os-dois-primeiros-concertos-virtuais-do-ciclo-perspectivas-sonoras-2021-do-centro-mexicano-para-a-musica-e-as-artes-sonoras-cmmas\/","title":{"rendered":"SER\u00c3O REALIZADOS OS DOIS PRIMEIROS CONCERTOS VIRTUAIS DO CICLO PERSPECTIVAS SONORAS 2021 DO CENTRO MEXICANO PARA A M\u00daSICA E AS ARTES SONORAS (CMMAS)"},"content":{"rendered":"<p>Perspectivas Sonoras 2021 \u00e9 um ciclo de concertos e confer\u00eancias que se desenrolar\u00e1 de abril a setembro do ano 2021 de forma virtual.<\/p>\n<p>Desde sua funda\u00e7\u00e3o em 2006 o CMMAS trabalha para contribuir ao desenvolvimento musical e sonoro tanto no M\u00e9xico como em n\u00edvel internacional. Atrav\u00e9s de seus programas de a\u00e7\u00e3o, fomenta a cria\u00e7\u00e3o, promo\u00e7\u00e3o e difus\u00e3o da obra de artistas e criadores mexicanos e estrangeiros, emergentes e com ampla trajet\u00f3ria; estimula a forma\u00e7\u00e3o do p\u00fablico atrav\u00e9s de programas para crian\u00e7as e jovens e do p\u00fablico em geral e contribui para a forma\u00e7\u00e3o especializada em temas actuais e indispens\u00e1veis para a cria\u00e7\u00e3o e desenvolvimento profissional.<\/p>\n<p>Concerto virtual Perspectivas Sonoras 1. O ciclo de concertos \u00abPerspectivas Sonoras\u00bb abre a programa\u00e7\u00e3o com um concerto a cargo do compositor Tonalli R. Nakamura e do artista visual Emilio Hdz. Cort\u00eas. concerto focado em gerar experi\u00eancias audiovisuais, alinhando estrat\u00e9gias de tecnologia, som e cinema, buscando sempre novos horizontes, ampliando a cria\u00e7\u00e3o e desenvolvimento de conceitos. A eletr\u00f4nica se encontra com o Glitch, as imagens geradas digitalmente e os processos de cinema, que se inspira na fic\u00e7\u00e3o cient\u00edfica e na cultura do erro, levando o p\u00fablico a uma viagem para um futuro incerto.<\/p>\n<p>Concerto virtual Perspectivas Sonoras 2. O segundo concerto do ciclo \u00abPerspectivas Sonoras\u00bb apresenta um concerto a cargo do c\u00e9lebre compositor portugu\u00eas Jo\u00e3o Pedro Oliveira, consiste numa compila\u00e7\u00e3o de obras audiovisuais que representam e cruzam diferentes realidades e contextos, explorando timbres incomuns e \u00fanicos, pr\u00f3prios da obra do compositor.<\/p>\n<p>Ver em:\u00a0<a href=\"https:\/\/lt.mydplr.com\/b9470c8ecd304563f01fbf59ca1db997-81868bec073b3970fa62af291f12b42d\" target=\"_blank\" rel=\"noopener\" data-saferedirecturl=\"https:\/\/www.google.com\/url?q=https:\/\/lt.mydplr.com\/b9470c8ecd304563f01fbf59ca1db997-81868bec073b3970fa62af291f12b42d&amp;source=gmail&amp;ust=1618076157154000&amp;usg=AFQjCNHhcPsrCCjhZS7JtSvMIt4t1pkhaA\">www.youtube.com<\/a><\/p>\n<p>sexta-feira 9 e sexta-feira 23 de abril, 20:00 hs. (hora M\u00e9xico)<\/p>\n","protected":false},"excerpt":{"rendered":"<p>Perspectivas Sonoras 2021 \u00e9 um ciclo de concertos e confer\u00eancias que se desenrolar\u00e1 de abril a setembro do ano 2021 de forma virtual. Desde sua funda\u00e7\u00e3o em 2006 o CMMAS trabalha para contribuir ao desenvolvimento musical e sonoro tanto no M\u00e9xico como em n\u00edvel internacional. Atrav\u00e9s de seus programas de a\u00e7\u00e3o, fomenta a cria\u00e7\u00e3o, promo\u00e7\u00e3o [&hellip;]<\/p>\n","protected":false},"author":1,"featured_media":5493,"comment_status":"closed","ping_status":"closed","sticky":false,"template":"","format":"standard","meta":{"footnotes":""},"categories":[218],"tags":[],"class_list":["post-5495","post","type-post","status-publish","format-standard","has-post-thumbnail","hentry","category-noticias-generales-pt"],"lang":"pt","translations":{"pt":5495,"es":5492},"pll_sync_post":[],"post_mailing_queue_ids":[],"_links":{"self":[{"href":"http:\/\/staging.ibermusicas.org\/index.php\/wp-json\/wp\/v2\/posts\/5495","targetHints":{"allow":["GET"]}}],"collection":[{"href":"http:\/\/staging.ibermusicas.org\/index.php\/wp-json\/wp\/v2\/posts"}],"about":[{"href":"http:\/\/staging.ibermusicas.org\/index.php\/wp-json\/wp\/v2\/types\/post"}],"author":[{"embeddable":true,"href":"http:\/\/staging.ibermusicas.org\/index.php\/wp-json\/wp\/v2\/users\/1"}],"replies":[{"embeddable":true,"href":"http:\/\/staging.ibermusicas.org\/index.php\/wp-json\/wp\/v2\/comments?post=5495"}],"version-history":[{"count":1,"href":"http:\/\/staging.ibermusicas.org\/index.php\/wp-json\/wp\/v2\/posts\/5495\/revisions"}],"predecessor-version":[{"id":5496,"href":"http:\/\/staging.ibermusicas.org\/index.php\/wp-json\/wp\/v2\/posts\/5495\/revisions\/5496"}],"wp:featuredmedia":[{"embeddable":true,"href":"http:\/\/staging.ibermusicas.org\/index.php\/wp-json\/wp\/v2\/media\/5493"}],"wp:attachment":[{"href":"http:\/\/staging.ibermusicas.org\/index.php\/wp-json\/wp\/v2\/media?parent=5495"}],"wp:term":[{"taxonomy":"category","embeddable":true,"href":"http:\/\/staging.ibermusicas.org\/index.php\/wp-json\/wp\/v2\/categories?post=5495"},{"taxonomy":"post_tag","embeddable":true,"href":"http:\/\/staging.ibermusicas.org\/index.php\/wp-json\/wp\/v2\/tags?post=5495"}],"curies":[{"name":"wp","href":"https:\/\/api.w.org\/{rel}","templated":true}]}}