{"id":5500,"date":"2021-04-09T18:20:49","date_gmt":"2021-04-09T18:20:49","guid":{"rendered":"http:\/\/staging.ibermusicas.org\/?p=5500"},"modified":"2021-05-04T17:32:15","modified_gmt":"2021-05-04T17:32:15","slug":"chega-um-novo-concerto-de-a442-rede-internacional-de-marimbistas-e-vibrafonistas-a442","status":"publish","type":"post","link":"http:\/\/staging.ibermusicas.org\/index.php\/chega-um-novo-concerto-de-a442-rede-internacional-de-marimbistas-e-vibrafonistas-a442\/","title":{"rendered":"CHEGA UM NOVO CONCERTO DE A442, REDE INTERNACIONAL DE MARIMBISTAS E VIBRAFONISTAS A442"},"content":{"rendered":"<p>Rede Internacional de Vibrafonistas e Marimbistas \u00e9 um coletivo de artistas latino-americanos que no in\u00edcio desta quarentena decidiram come\u00e7ar a tecer la\u00e7os a fim de visualizar e difundir int\u00e9rpretes e compositores latino-americanos de instrumentos de placas e expandir a audi\u00eancia da m\u00fasica para vibr\u00e1fono e marimba.<\/p>\n<p>A A442Red \u00e9 formada por artistas da Col\u00f4mbia, Venezuela; Costa Rica, Porto Rico, Guatemala, Uruguai, Paraguai, Argentina, M\u00e9xico, Equador, Chile, Brasil e Estados Unidos.<\/p>\n<p>Nesta oportunidade a transmiss\u00e3o constar\u00e1 de concertos de Bruna Cabral (Brasil\/Alemanha), Daniel D\u00edaz Casta\u00f1\u00f3n (Guatemala) e Ruth Lozano Leiv (M\u00e9xico)<\/p>\n<p>Ter\u00e7a-feira 13 de abril 15 hs. (hor\u00e1rio da Argentina, Brasil e Chile) por facebook e youtube<\/p>\n","protected":false},"excerpt":{"rendered":"<p>Rede Internacional de Vibrafonistas e Marimbistas \u00e9 um coletivo de artistas latino-americanos que no in\u00edcio desta quarentena decidiram come\u00e7ar a tecer la\u00e7os a fim de visualizar e difundir int\u00e9rpretes e compositores latino-americanos de instrumentos de placas e expandir a audi\u00eancia da m\u00fasica para vibr\u00e1fono e marimba. A A442Red \u00e9 formada por artistas da Col\u00f4mbia, Venezuela; [&hellip;]<\/p>\n","protected":false},"author":1,"featured_media":5498,"comment_status":"closed","ping_status":"closed","sticky":false,"template":"","format":"standard","meta":{"footnotes":""},"categories":[218],"tags":[],"class_list":["post-5500","post","type-post","status-publish","format-standard","has-post-thumbnail","hentry","category-noticias-generales-pt"],"lang":"pt","translations":{"pt":5500,"es":5497},"pll_sync_post":[],"post_mailing_queue_ids":[],"_links":{"self":[{"href":"http:\/\/staging.ibermusicas.org\/index.php\/wp-json\/wp\/v2\/posts\/5500","targetHints":{"allow":["GET"]}}],"collection":[{"href":"http:\/\/staging.ibermusicas.org\/index.php\/wp-json\/wp\/v2\/posts"}],"about":[{"href":"http:\/\/staging.ibermusicas.org\/index.php\/wp-json\/wp\/v2\/types\/post"}],"author":[{"embeddable":true,"href":"http:\/\/staging.ibermusicas.org\/index.php\/wp-json\/wp\/v2\/users\/1"}],"replies":[{"embeddable":true,"href":"http:\/\/staging.ibermusicas.org\/index.php\/wp-json\/wp\/v2\/comments?post=5500"}],"version-history":[{"count":1,"href":"http:\/\/staging.ibermusicas.org\/index.php\/wp-json\/wp\/v2\/posts\/5500\/revisions"}],"predecessor-version":[{"id":5501,"href":"http:\/\/staging.ibermusicas.org\/index.php\/wp-json\/wp\/v2\/posts\/5500\/revisions\/5501"}],"wp:featuredmedia":[{"embeddable":true,"href":"http:\/\/staging.ibermusicas.org\/index.php\/wp-json\/wp\/v2\/media\/5498"}],"wp:attachment":[{"href":"http:\/\/staging.ibermusicas.org\/index.php\/wp-json\/wp\/v2\/media?parent=5500"}],"wp:term":[{"taxonomy":"category","embeddable":true,"href":"http:\/\/staging.ibermusicas.org\/index.php\/wp-json\/wp\/v2\/categories?post=5500"},{"taxonomy":"post_tag","embeddable":true,"href":"http:\/\/staging.ibermusicas.org\/index.php\/wp-json\/wp\/v2\/tags?post=5500"}],"curies":[{"name":"wp","href":"https:\/\/api.w.org\/{rel}","templated":true}]}}