{"id":5535,"date":"2021-04-14T18:00:00","date_gmt":"2021-04-14T18:00:00","guid":{"rendered":"http:\/\/staging.ibermusicas.org\/?p=5535"},"modified":"2021-05-04T17:28:07","modified_gmt":"2021-05-04T17:28:07","slug":"desde-tacna-peru-edwin-salamanca-realizara-la-primera-transmision-de-su-ciclo-de-encuentros-en-este-caso-junto-a-pedro-pardo-de-argentina","status":"publish","type":"post","link":"http:\/\/staging.ibermusicas.org\/index.php\/desde-tacna-peru-edwin-salamanca-realizara-la-primera-transmision-de-su-ciclo-de-encuentros-en-este-caso-junto-a-pedro-pardo-de-argentina\/","title":{"rendered":"DESDE TACNA, PER\u00da, EDWIN SALAMANCA REALIZAR\u00c1 LA PRIMERA TRANSMISI\u00d3N DE SU CICLO DE ENCUENTROS, EN ESTE CASO JUNTO A PEDRO PARDO DE ARGENTINA"},"content":{"rendered":"<p>Con el objetivo de realizar actividades de rescate, difusi\u00f3n e impulso de m\u00fasica tradicional de la regi\u00f3n de Tacna mediante conciertos, intercambio cultural, conversatorios y entrevistas el m\u00fasico y docente peruano Edwin Salamanca Garc\u00eda realizar\u00e1 la primera transmisi\u00f3n de su ciclo con el m\u00fasico argentino Pedro Pardo como invitado especial.<\/p>\n<p>S\u00e1bado 17 de abril 20 hs (Per\u00fa), 22 hs (Argentina) en\u00a0<a href=\"https:\/\/lt.mydplr.com\/dc2a3d51c2876524a77f8595e3da4351-81868bec073b3970fa62af291f12b42d\" target=\"_blank\" rel=\"noopener\" data-saferedirecturl=\"https:\/\/www.google.com\/url?q=https:\/\/lt.mydplr.com\/dc2a3d51c2876524a77f8595e3da4351-81868bec073b3970fa62af291f12b42d&amp;source=gmail&amp;ust=1618501587506000&amp;usg=AFQjCNGYuxXk9FPf2GStz7B8sx8WbaaD1A\">www.facebook.com<\/a><\/p>\n","protected":false},"excerpt":{"rendered":"<p>Con el objetivo de realizar actividades de rescate, difusi\u00f3n e impulso de m\u00fasica tradicional de la regi\u00f3n de Tacna mediante conciertos, intercambio cultural, conversatorios y entrevistas el m\u00fasico y docente peruano Edwin Salamanca Garc\u00eda realizar\u00e1 la primera transmisi\u00f3n de su ciclo con el m\u00fasico argentino Pedro Pardo como invitado especial. S\u00e1bado 17 de abril 20 [&hellip;]<\/p>\n","protected":false},"author":1,"featured_media":5536,"comment_status":"closed","ping_status":"closed","sticky":false,"template":"","format":"standard","meta":{"footnotes":""},"categories":[53],"tags":[],"class_list":["post-5535","post","type-post","status-publish","format-standard","has-post-thumbnail","hentry","category-noticias-generales"],"lang":"es","translations":{"es":5535,"pt":5538},"pll_sync_post":[],"post_mailing_queue_ids":[],"_links":{"self":[{"href":"http:\/\/staging.ibermusicas.org\/index.php\/wp-json\/wp\/v2\/posts\/5535","targetHints":{"allow":["GET"]}}],"collection":[{"href":"http:\/\/staging.ibermusicas.org\/index.php\/wp-json\/wp\/v2\/posts"}],"about":[{"href":"http:\/\/staging.ibermusicas.org\/index.php\/wp-json\/wp\/v2\/types\/post"}],"author":[{"embeddable":true,"href":"http:\/\/staging.ibermusicas.org\/index.php\/wp-json\/wp\/v2\/users\/1"}],"replies":[{"embeddable":true,"href":"http:\/\/staging.ibermusicas.org\/index.php\/wp-json\/wp\/v2\/comments?post=5535"}],"version-history":[{"count":1,"href":"http:\/\/staging.ibermusicas.org\/index.php\/wp-json\/wp\/v2\/posts\/5535\/revisions"}],"predecessor-version":[{"id":5537,"href":"http:\/\/staging.ibermusicas.org\/index.php\/wp-json\/wp\/v2\/posts\/5535\/revisions\/5537"}],"wp:featuredmedia":[{"embeddable":true,"href":"http:\/\/staging.ibermusicas.org\/index.php\/wp-json\/wp\/v2\/media\/5536"}],"wp:attachment":[{"href":"http:\/\/staging.ibermusicas.org\/index.php\/wp-json\/wp\/v2\/media?parent=5535"}],"wp:term":[{"taxonomy":"category","embeddable":true,"href":"http:\/\/staging.ibermusicas.org\/index.php\/wp-json\/wp\/v2\/categories?post=5535"},{"taxonomy":"post_tag","embeddable":true,"href":"http:\/\/staging.ibermusicas.org\/index.php\/wp-json\/wp\/v2\/tags?post=5535"}],"curies":[{"name":"wp","href":"https:\/\/api.w.org\/{rel}","templated":true}]}}