{"id":5538,"date":"2021-04-14T18:03:03","date_gmt":"2021-04-14T18:03:03","guid":{"rendered":"http:\/\/staging.ibermusicas.org\/?p=5538"},"modified":"2021-05-04T17:30:36","modified_gmt":"2021-05-04T17:30:36","slug":"desde-tacna-peru-edwin-salamanca-realizara-la-primera-transmision-de-su-ciclo-de-encuentros-en-este-caso-junto-a-pedro-pardo-de-argentina-2","status":"publish","type":"post","link":"http:\/\/staging.ibermusicas.org\/index.php\/desde-tacna-peru-edwin-salamanca-realizara-la-primera-transmision-de-su-ciclo-de-encuentros-en-este-caso-junto-a-pedro-pardo-de-argentina-2\/","title":{"rendered":"DESDE TACNA, PERU, EDWIN SALAMANCA REALIZAR\u00c1 A PRIMEIRA TRANSMISS\u00c3O DE SEU CICLO DE ENCONTROS, NESTE CASO JUNTO A PEDRO PARDO DA ARGENTINA"},"content":{"rendered":"<p>Com o objetivo de realizar atividades de resgate, difus\u00e3o e impulso de m\u00fasica tradicional da regi\u00e3o de Tacna mediante concertos, interc\u00e2mbio cultural, conversat\u00f3rios e entrevistas o m\u00fasico e docente peruano Edwin Salamanca Garc\u00eda realizar\u00e1 a primeira transmiss\u00e3o de seu ciclo com o m\u00fasico argentino Pedro Pardo como convidado especial.<\/p>\n<p>S\u00e1bado 17 de abril 20 hs (Peru), 22 hs (Argentina) em\u00a0<a href=\"https:\/\/lt.mydplr.com\/dc2a3d51c2876524a77f8595e3da4351-81868bec073b3970fa62af291f12b42d\" target=\"_blank\" rel=\"noopener\" data-saferedirecturl=\"https:\/\/www.google.com\/url?q=https:\/\/lt.mydplr.com\/dc2a3d51c2876524a77f8595e3da4351-81868bec073b3970fa62af291f12b42d&amp;source=gmail&amp;ust=1618501587506000&amp;usg=AFQjCNGYuxXk9FPf2GStz7B8sx8WbaaD1A\">www.facebook.com<\/a><\/p>\n","protected":false},"excerpt":{"rendered":"<p>Com o objetivo de realizar atividades de resgate, difus\u00e3o e impulso de m\u00fasica tradicional da regi\u00e3o de Tacna mediante concertos, interc\u00e2mbio cultural, conversat\u00f3rios e entrevistas o m\u00fasico e docente peruano Edwin Salamanca Garc\u00eda realizar\u00e1 a primeira transmiss\u00e3o de seu ciclo com o m\u00fasico argentino Pedro Pardo como convidado especial. S\u00e1bado 17 de abril 20 hs [&hellip;]<\/p>\n","protected":false},"author":1,"featured_media":5536,"comment_status":"closed","ping_status":"closed","sticky":false,"template":"","format":"standard","meta":{"footnotes":""},"categories":[218],"tags":[],"class_list":["post-5538","post","type-post","status-publish","format-standard","has-post-thumbnail","hentry","category-noticias-generales-pt"],"lang":"pt","translations":{"pt":5538,"es":5535},"pll_sync_post":[],"post_mailing_queue_ids":[],"_links":{"self":[{"href":"http:\/\/staging.ibermusicas.org\/index.php\/wp-json\/wp\/v2\/posts\/5538","targetHints":{"allow":["GET"]}}],"collection":[{"href":"http:\/\/staging.ibermusicas.org\/index.php\/wp-json\/wp\/v2\/posts"}],"about":[{"href":"http:\/\/staging.ibermusicas.org\/index.php\/wp-json\/wp\/v2\/types\/post"}],"author":[{"embeddable":true,"href":"http:\/\/staging.ibermusicas.org\/index.php\/wp-json\/wp\/v2\/users\/1"}],"replies":[{"embeddable":true,"href":"http:\/\/staging.ibermusicas.org\/index.php\/wp-json\/wp\/v2\/comments?post=5538"}],"version-history":[{"count":2,"href":"http:\/\/staging.ibermusicas.org\/index.php\/wp-json\/wp\/v2\/posts\/5538\/revisions"}],"predecessor-version":[{"id":5544,"href":"http:\/\/staging.ibermusicas.org\/index.php\/wp-json\/wp\/v2\/posts\/5538\/revisions\/5544"}],"wp:featuredmedia":[{"embeddable":true,"href":"http:\/\/staging.ibermusicas.org\/index.php\/wp-json\/wp\/v2\/media\/5536"}],"wp:attachment":[{"href":"http:\/\/staging.ibermusicas.org\/index.php\/wp-json\/wp\/v2\/media?parent=5538"}],"wp:term":[{"taxonomy":"category","embeddable":true,"href":"http:\/\/staging.ibermusicas.org\/index.php\/wp-json\/wp\/v2\/categories?post=5538"},{"taxonomy":"post_tag","embeddable":true,"href":"http:\/\/staging.ibermusicas.org\/index.php\/wp-json\/wp\/v2\/tags?post=5538"}],"curies":[{"name":"wp","href":"https:\/\/api.w.org\/{rel}","templated":true}]}}