{"id":5543,"date":"2021-04-14T18:09:18","date_gmt":"2021-04-14T18:09:18","guid":{"rendered":"http:\/\/staging.ibermusicas.org\/?p=5543"},"modified":"2021-05-04T17:32:23","modified_gmt":"2021-05-04T17:32:23","slug":"a-banda-vibra-mucha-do-mexico-realizou-seu-segundo-concerto-no-marco-do-projeto-reggae-a-distancia-para-a-infancia-da-america-latina","status":"publish","type":"post","link":"http:\/\/staging.ibermusicas.org\/index.php\/a-banda-vibra-mucha-do-mexico-realizou-seu-segundo-concerto-no-marco-do-projeto-reggae-a-distancia-para-a-infancia-da-america-latina\/","title":{"rendered":"A BANDA VIBRA MUCH\u00c1 DO M\u00c9XICO REALIZOU SEU SEGUNDO CONCERTO NO MARCO DO PROJETO REGGAE \u00c0 DIST\u00c2NCIA PARA A INF\u00c2NCIA DA AM\u00c9RICA LATINA"},"content":{"rendered":"<p>Vibra Much\u00e1 \u00e9 um grupo integrado por jovens mexicanos que buscam oferecer alternativas art\u00edsticas com mensagens de paz, respeito, sa\u00fade e equidade. Cultivam uma m\u00fasica mesti\u00e7a com ess\u00eancia de reggae em contato permanente com outros g\u00eaneros como ska, jazz, rock steady, hip hop e son jarocho.<\/p>\n<p>Em seu espet\u00e1culo destinado ao p\u00fablico infantil buscam compartilhar com as crian\u00e7as e com suas fam\u00edlias uma proposta musical positiva como forma de combater a cultura de viol\u00eancia e ego\u00edsmo que impera na cotidianidade.<\/p>\n<p>Durante fevereiro e mar\u00e7o realizaram dois concertos virtuais de reggae destinados a meninas e meninos de sete pa\u00edses da Am\u00e9rica Latina (Peru, Uruguai, Equador, Bol\u00edvia, Venezuela, Guatemala e M\u00e9xico) com o objetivo de promover m\u00fasica de paz, respeito, sa\u00fade e alegria para a inf\u00e2ncia e suas fam\u00edlias.<\/p>\n<p><a href=\"https:\/\/lt.mydplr.com\/0bb3c115e2d50061fb86b5c667676cad-81868bec073b3970fa62af291f12b42d\" target=\"_blank\" rel=\"noopener\" data-saferedirecturl=\"https:\/\/www.google.com\/url?q=https:\/\/lt.mydplr.com\/0bb3c115e2d50061fb86b5c667676cad-81868bec073b3970fa62af291f12b42d&amp;source=gmail&amp;ust=1618501587505000&amp;usg=AFQjCNH3uHlyMilXMQd9eCRWpJMKJgslKw\">www.facebook.com<\/a><\/p>\n","protected":false},"excerpt":{"rendered":"<p>Vibra Much\u00e1 \u00e9 um grupo integrado por jovens mexicanos que buscam oferecer alternativas art\u00edsticas com mensagens de paz, respeito, sa\u00fade e equidade. Cultivam uma m\u00fasica mesti\u00e7a com ess\u00eancia de reggae em contato permanente com outros g\u00eaneros como ska, jazz, rock steady, hip hop e son jarocho. Em seu espet\u00e1culo destinado ao p\u00fablico infantil buscam compartilhar [&hellip;]<\/p>\n","protected":false},"author":1,"featured_media":5541,"comment_status":"closed","ping_status":"closed","sticky":false,"template":"","format":"standard","meta":{"footnotes":""},"categories":[218],"tags":[],"class_list":["post-5543","post","type-post","status-publish","format-standard","has-post-thumbnail","hentry","category-noticias-generales-pt"],"lang":"pt","translations":{"pt":5543,"es":5540},"pll_sync_post":[],"post_mailing_queue_ids":[],"_links":{"self":[{"href":"http:\/\/staging.ibermusicas.org\/index.php\/wp-json\/wp\/v2\/posts\/5543","targetHints":{"allow":["GET"]}}],"collection":[{"href":"http:\/\/staging.ibermusicas.org\/index.php\/wp-json\/wp\/v2\/posts"}],"about":[{"href":"http:\/\/staging.ibermusicas.org\/index.php\/wp-json\/wp\/v2\/types\/post"}],"author":[{"embeddable":true,"href":"http:\/\/staging.ibermusicas.org\/index.php\/wp-json\/wp\/v2\/users\/1"}],"replies":[{"embeddable":true,"href":"http:\/\/staging.ibermusicas.org\/index.php\/wp-json\/wp\/v2\/comments?post=5543"}],"version-history":[{"count":1,"href":"http:\/\/staging.ibermusicas.org\/index.php\/wp-json\/wp\/v2\/posts\/5543\/revisions"}],"predecessor-version":[{"id":5545,"href":"http:\/\/staging.ibermusicas.org\/index.php\/wp-json\/wp\/v2\/posts\/5543\/revisions\/5545"}],"wp:featuredmedia":[{"embeddable":true,"href":"http:\/\/staging.ibermusicas.org\/index.php\/wp-json\/wp\/v2\/media\/5541"}],"wp:attachment":[{"href":"http:\/\/staging.ibermusicas.org\/index.php\/wp-json\/wp\/v2\/media?parent=5543"}],"wp:term":[{"taxonomy":"category","embeddable":true,"href":"http:\/\/staging.ibermusicas.org\/index.php\/wp-json\/wp\/v2\/categories?post=5543"},{"taxonomy":"post_tag","embeddable":true,"href":"http:\/\/staging.ibermusicas.org\/index.php\/wp-json\/wp\/v2\/tags?post=5543"}],"curies":[{"name":"wp","href":"https:\/\/api.w.org\/{rel}","templated":true}]}}