{"id":5546,"date":"2021-04-14T18:26:57","date_gmt":"2021-04-14T18:26:57","guid":{"rendered":"http:\/\/staging.ibermusicas.org\/?p=5546"},"modified":"2021-05-04T17:27:43","modified_gmt":"2021-05-04T17:27:43","slug":"la-fundacion-danilo-perez-continua-con-su-ciclo-conexion-musical-panamena-en-esta-ocasion-con-la-presencia-del-pianista-y-compositor-chileno-orion-morales","status":"publish","type":"post","link":"http:\/\/staging.ibermusicas.org\/index.php\/la-fundacion-danilo-perez-continua-con-su-ciclo-conexion-musical-panamena-en-esta-ocasion-con-la-presencia-del-pianista-y-compositor-chileno-orion-morales\/","title":{"rendered":"LA FUNDACI\u00d3N DANILO P\u00c9REZ CONTIN\u00daA CON SU CICLO CONEXI\u00d3N MUSICAL PANAME\u00d1A, EN ESTA OCASI\u00d3N CON LA PRESENCIA DEL PIANISTA Y COMPOSITOR CHILENO ORI\u00d3N MORALES"},"content":{"rendered":"<p>La Fundaci\u00f3n Danilo P\u00e9rez es una organizaci\u00f3n sin fines de lucro que promueve tutor\u00edas, formaci\u00f3n y estimulaci\u00f3n musical para ni\u00f1os, ni\u00f1as, adolescentes y j\u00f3venes con talento para la m\u00fasica y carreras afines. Impulsan el desarrollo integral a trav\u00e9s de la ense\u00f1anza musical, sin importar condici\u00f3n socioecon\u00f3mica, con la finalidad de que los beneficiarios se conviertan en profesionales.<\/p>\n<p>&nbsp;<\/p>\n<p>El proyecto Conexi\u00f3n Musical Paname\u00f1a consiste en brindar actividades de educaci\u00f3n musical continua y gratuita en formato virtual para facilitar a estudiantes paname\u00f1os y de Iberoam\u00e9rica el acceso a saberes transmitidos por artistas y profesores de m\u00fasica nacional e internacional. Cuentan con una plataforma de m\u00e1s de 100 artistas y educadores que apoyan los proyectos sociales y educativos de la Fundaci\u00f3n Danilo P\u00e9rez desde diversas partes del mundo.<\/p>\n<p>Jueves 29 de abril, 17 hs. (horario de Panam\u00e1) en\u00a0<a href=\"https:\/\/lt.mydplr.com\/73b14348d1cbd517e986884c98420986-81868bec073b3970fa62af291f12b42d\" target=\"_blank\" rel=\"noopener\" data-saferedirecturl=\"https:\/\/www.google.com\/url?q=https:\/\/lt.mydplr.com\/73b14348d1cbd517e986884c98420986-81868bec073b3970fa62af291f12b42d&amp;source=gmail&amp;ust=1618501587505000&amp;usg=AFQjCNF1u3sORXgQaIKafl-e5wLlL_Sj_w\">linktr.ee<\/a><\/p>\n","protected":false},"excerpt":{"rendered":"<p>La Fundaci\u00f3n Danilo P\u00e9rez es una organizaci\u00f3n sin fines de lucro que promueve tutor\u00edas, formaci\u00f3n y estimulaci\u00f3n musical para ni\u00f1os, ni\u00f1as, adolescentes y j\u00f3venes con talento para la m\u00fasica y carreras afines. Impulsan el desarrollo integral a trav\u00e9s de la ense\u00f1anza musical, sin importar condici\u00f3n socioecon\u00f3mica, con la finalidad de que los beneficiarios se conviertan [&hellip;]<\/p>\n","protected":false},"author":1,"featured_media":5549,"comment_status":"closed","ping_status":"closed","sticky":false,"template":"","format":"standard","meta":{"footnotes":""},"categories":[53],"tags":[],"class_list":["post-5546","post","type-post","status-publish","format-standard","has-post-thumbnail","hentry","category-noticias-generales"],"lang":"es","translations":{"es":5546,"pt":5553},"pll_sync_post":[],"post_mailing_queue_ids":[],"_links":{"self":[{"href":"http:\/\/staging.ibermusicas.org\/index.php\/wp-json\/wp\/v2\/posts\/5546","targetHints":{"allow":["GET"]}}],"collection":[{"href":"http:\/\/staging.ibermusicas.org\/index.php\/wp-json\/wp\/v2\/posts"}],"about":[{"href":"http:\/\/staging.ibermusicas.org\/index.php\/wp-json\/wp\/v2\/types\/post"}],"author":[{"embeddable":true,"href":"http:\/\/staging.ibermusicas.org\/index.php\/wp-json\/wp\/v2\/users\/1"}],"replies":[{"embeddable":true,"href":"http:\/\/staging.ibermusicas.org\/index.php\/wp-json\/wp\/v2\/comments?post=5546"}],"version-history":[{"count":3,"href":"http:\/\/staging.ibermusicas.org\/index.php\/wp-json\/wp\/v2\/posts\/5546\/revisions"}],"predecessor-version":[{"id":5640,"href":"http:\/\/staging.ibermusicas.org\/index.php\/wp-json\/wp\/v2\/posts\/5546\/revisions\/5640"}],"wp:featuredmedia":[{"embeddable":true,"href":"http:\/\/staging.ibermusicas.org\/index.php\/wp-json\/wp\/v2\/media\/5549"}],"wp:attachment":[{"href":"http:\/\/staging.ibermusicas.org\/index.php\/wp-json\/wp\/v2\/media?parent=5546"}],"wp:term":[{"taxonomy":"category","embeddable":true,"href":"http:\/\/staging.ibermusicas.org\/index.php\/wp-json\/wp\/v2\/categories?post=5546"},{"taxonomy":"post_tag","embeddable":true,"href":"http:\/\/staging.ibermusicas.org\/index.php\/wp-json\/wp\/v2\/tags?post=5546"}],"curies":[{"name":"wp","href":"https:\/\/api.w.org\/{rel}","templated":true}]}}