{"id":5553,"date":"2021-04-14T18:28:31","date_gmt":"2021-04-14T18:28:31","guid":{"rendered":"http:\/\/staging.ibermusicas.org\/?p=5553"},"modified":"2021-05-04T17:30:30","modified_gmt":"2021-05-04T17:30:30","slug":"a-fundacao-danilo-perez-continua-com-seu-ciclo-conexao-musical-panamenha-desta-vez-com-a-presenca-do-pianista-e-compositor-chileno-orion-morales","status":"publish","type":"post","link":"http:\/\/staging.ibermusicas.org\/index.php\/a-fundacao-danilo-perez-continua-com-seu-ciclo-conexao-musical-panamenha-desta-vez-com-a-presenca-do-pianista-e-compositor-chileno-orion-morales\/","title":{"rendered":"A FUNDA\u00c7\u00c3O DANILO P\u00c9REZ CONTINUA COM SEU CICLO CONEX\u00c3O MUSICAL PANAMENHA, DESTA VEZ COM A PRESEN\u00c7A DO PIANISTA E COMPOSITOR CHILENO ORI\u00d3N MORALES"},"content":{"rendered":"<p>A Funda\u00e7\u00e3o Danilo P\u00e9rez \u00e9 uma organiza\u00e7\u00e3o sem fins lucrativos que promove tutorias, treinamento e estimula\u00e7\u00e3o musical para crian\u00e7as, adolescentes e jovens com talento para m\u00fasica e carreiras relacionadas. Impulsionam o desenvolvimento integral atrav\u00e9s do ensino musical, sem importar condi\u00e7\u00e3o socioecon\u00f4mica, com a finalidade de que os benefici\u00e1rios se convertam em profissionais.<\/p>\n<p>O projeto Conex\u00e3o Musical Paname\u00f1a consiste em brindar atividades de educa\u00e7\u00e3o musical cont\u00ednua e gratuita em formato virtual para facilitar a estudantes panamenhos e de Iberoam\u00e9rica o acesso a saberes transmitidos por artistas e professores de m\u00fasica nacional e internacional. Contam com uma plataforma de mais de 100 artistas e educadores que apoiam os projetos sociais e educativos da Funda\u00e7\u00e3o Danilo P\u00e9rez desde diversas partes do mundo.<\/p>\n<p>Quinta-feira 9 de abril, 17 hs. (hor\u00e1rio do Panam\u00e1) em\u00a0<a href=\"https:\/\/lt.mydplr.com\/73b14348d1cbd517e986884c98420986-81868bec073b3970fa62af291f12b42d\" target=\"_blank\" rel=\"noopener\" data-saferedirecturl=\"https:\/\/www.google.com\/url?q=https:\/\/lt.mydplr.com\/73b14348d1cbd517e986884c98420986-81868bec073b3970fa62af291f12b42d&amp;source=gmail&amp;ust=1618501587505000&amp;usg=AFQjCNF1u3sORXgQaIKafl-e5wLlL_Sj_w\">linktr.ee<\/a><\/p>\n","protected":false},"excerpt":{"rendered":"<p>A Funda\u00e7\u00e3o Danilo P\u00e9rez \u00e9 uma organiza\u00e7\u00e3o sem fins lucrativos que promove tutorias, treinamento e estimula\u00e7\u00e3o musical para crian\u00e7as, adolescentes e jovens com talento para m\u00fasica e carreiras relacionadas. Impulsionam o desenvolvimento integral atrav\u00e9s do ensino musical, sem importar condi\u00e7\u00e3o socioecon\u00f4mica, com a finalidade de que os benefici\u00e1rios se convertam em profissionais. O projeto Conex\u00e3o [&hellip;]<\/p>\n","protected":false},"author":1,"featured_media":5549,"comment_status":"closed","ping_status":"closed","sticky":false,"template":"","format":"standard","meta":{"footnotes":""},"categories":[218],"tags":[],"class_list":["post-5553","post","type-post","status-publish","format-standard","has-post-thumbnail","hentry","category-noticias-generales-pt"],"lang":"pt","translations":{"pt":5553,"es":5546},"pll_sync_post":[],"post_mailing_queue_ids":[],"_links":{"self":[{"href":"http:\/\/staging.ibermusicas.org\/index.php\/wp-json\/wp\/v2\/posts\/5553","targetHints":{"allow":["GET"]}}],"collection":[{"href":"http:\/\/staging.ibermusicas.org\/index.php\/wp-json\/wp\/v2\/posts"}],"about":[{"href":"http:\/\/staging.ibermusicas.org\/index.php\/wp-json\/wp\/v2\/types\/post"}],"author":[{"embeddable":true,"href":"http:\/\/staging.ibermusicas.org\/index.php\/wp-json\/wp\/v2\/users\/1"}],"replies":[{"embeddable":true,"href":"http:\/\/staging.ibermusicas.org\/index.php\/wp-json\/wp\/v2\/comments?post=5553"}],"version-history":[{"count":1,"href":"http:\/\/staging.ibermusicas.org\/index.php\/wp-json\/wp\/v2\/posts\/5553\/revisions"}],"predecessor-version":[{"id":5555,"href":"http:\/\/staging.ibermusicas.org\/index.php\/wp-json\/wp\/v2\/posts\/5553\/revisions\/5555"}],"wp:featuredmedia":[{"embeddable":true,"href":"http:\/\/staging.ibermusicas.org\/index.php\/wp-json\/wp\/v2\/media\/5549"}],"wp:attachment":[{"href":"http:\/\/staging.ibermusicas.org\/index.php\/wp-json\/wp\/v2\/media?parent=5553"}],"wp:term":[{"taxonomy":"category","embeddable":true,"href":"http:\/\/staging.ibermusicas.org\/index.php\/wp-json\/wp\/v2\/categories?post=5553"},{"taxonomy":"post_tag","embeddable":true,"href":"http:\/\/staging.ibermusicas.org\/index.php\/wp-json\/wp\/v2\/tags?post=5553"}],"curies":[{"name":"wp","href":"https:\/\/api.w.org\/{rel}","templated":true}]}}