{"id":5607,"date":"2015-11-22T02:46:28","date_gmt":"2015-11-22T02:46:28","guid":{"rendered":"http:\/\/staging.ibermusicas.org\/?p=5607"},"modified":"2021-04-22T02:50:59","modified_gmt":"2021-04-22T02:50:59","slug":"la-banda-peruana-los-zapping-se-van-de-gira-a-argentina","status":"publish","type":"post","link":"http:\/\/staging.ibermusicas.org\/index.php\/la-banda-peruana-los-zapping-se-van-de-gira-a-argentina\/","title":{"rendered":"La banda Peruana \u00abLos Zapping\u00bb se van de gira a Argentina"},"content":{"rendered":"<p><span data-sheets-value=\"{&quot;1&quot;:2,&quot;2&quot;:&quot;Los Zapping, parte del colectivo Faro Discos, se ir\u00e1n de gira a Argentina en diciembre de este a\u00f1o. La primera fecha ser\u00e1 el viernes 4 de diciembre en el Festilaptra, junto a bandas del sello independiente Discos Laptra como El Mat\u00f3 a un Polic\u00eda Motorizado, Las Ligas Menores, Bestia Beb\u00e9, entre otras, en el CC Konex en la ciudad de Buenos Aires.\\r \\r &quot;}\" data-sheets-userformat=\"{&quot;2&quot;:513,&quot;3&quot;:{&quot;1&quot;:0},&quot;12&quot;:0}\">Los Zapping, parte del colectivo Faro Discos, se ir\u00e1n de gira a Argentina en diciembre de este a\u00f1o. La primera fecha ser\u00e1 el viernes 4 de diciembre en el Festilaptra, junto a bandas del sello independiente Discos Laptra como El Mat\u00f3 a un Polic\u00eda Motorizado, Las Ligas Menores, Bestia Beb\u00e9, entre otras, en el CC Konex en la ciudad de Buenos Aires. <\/span><\/p>\n","protected":false},"excerpt":{"rendered":"<p>Los Zapping, parte del colectivo Faro Discos, se ir\u00e1n de gira a Argentina en diciembre de este a\u00f1o. La primera fecha ser\u00e1 el viernes 4 de diciembre en el Festilaptra, junto a bandas del sello independiente Discos Laptra como El Mat\u00f3 a un Polic\u00eda Motorizado, Las Ligas Menores, Bestia Beb\u00e9, entre otras, en el CC [&hellip;]<\/p>\n","protected":false},"author":1,"featured_media":5608,"comment_status":"closed","ping_status":"closed","sticky":false,"template":"","format":"standard","meta":{"footnotes":""},"categories":[53],"tags":[],"class_list":["post-5607","post","type-post","status-publish","format-standard","has-post-thumbnail","hentry","category-noticias-generales"],"lang":"es","translations":{"es":5607},"pll_sync_post":[],"post_mailing_queue_ids":[],"_links":{"self":[{"href":"http:\/\/staging.ibermusicas.org\/index.php\/wp-json\/wp\/v2\/posts\/5607","targetHints":{"allow":["GET"]}}],"collection":[{"href":"http:\/\/staging.ibermusicas.org\/index.php\/wp-json\/wp\/v2\/posts"}],"about":[{"href":"http:\/\/staging.ibermusicas.org\/index.php\/wp-json\/wp\/v2\/types\/post"}],"author":[{"embeddable":true,"href":"http:\/\/staging.ibermusicas.org\/index.php\/wp-json\/wp\/v2\/users\/1"}],"replies":[{"embeddable":true,"href":"http:\/\/staging.ibermusicas.org\/index.php\/wp-json\/wp\/v2\/comments?post=5607"}],"version-history":[{"count":1,"href":"http:\/\/staging.ibermusicas.org\/index.php\/wp-json\/wp\/v2\/posts\/5607\/revisions"}],"predecessor-version":[{"id":5609,"href":"http:\/\/staging.ibermusicas.org\/index.php\/wp-json\/wp\/v2\/posts\/5607\/revisions\/5609"}],"wp:featuredmedia":[{"embeddable":true,"href":"http:\/\/staging.ibermusicas.org\/index.php\/wp-json\/wp\/v2\/media\/5608"}],"wp:attachment":[{"href":"http:\/\/staging.ibermusicas.org\/index.php\/wp-json\/wp\/v2\/media?parent=5607"}],"wp:term":[{"taxonomy":"category","embeddable":true,"href":"http:\/\/staging.ibermusicas.org\/index.php\/wp-json\/wp\/v2\/categories?post=5607"},{"taxonomy":"post_tag","embeddable":true,"href":"http:\/\/staging.ibermusicas.org\/index.php\/wp-json\/wp\/v2\/tags?post=5607"}],"curies":[{"name":"wp","href":"https:\/\/api.w.org\/{rel}","templated":true}]}}