{"id":5613,"date":"2015-12-05T03:01:47","date_gmt":"2015-12-05T03:01:47","guid":{"rendered":"http:\/\/staging.ibermusicas.org\/?p=5613"},"modified":"2021-04-22T03:10:13","modified_gmt":"2021-04-22T03:10:13","slug":"cantoamerica-vuela-otra-vez-desde-pelotas-rio-grande-do-sul-brasil-a-costa-rica-ultimo-concierto-del-2015-para-despedir-el-ano-con-el-sabor-del-caribe","status":"publish","type":"post","link":"http:\/\/staging.ibermusicas.org\/index.php\/cantoamerica-vuela-otra-vez-desde-pelotas-rio-grande-do-sul-brasil-a-costa-rica-ultimo-concierto-del-2015-para-despedir-el-ano-con-el-sabor-del-caribe\/","title":{"rendered":"Cantoam\u00e9rica \u201cVUELA OTRA VEZ\u201d desde Pelotas, Rio Grande do Sul, Brasil a Costa Rica \u00faltimo concierto del 2015 para despedir el a\u00f1o con el sabor del caribe"},"content":{"rendered":"<p><span data-sheets-value=\"{&quot;1&quot;:2,&quot;2&quot;:&quot;QU\u00c9: Cantoam\u00e9rica Y Son Urbano\\r D\u00d3NDE: Mundoloco El Chante, diagonal Banco Popular San Pedro.\\r CU\u00c1NDO: 10pm, 11 de diciembre del 2015.&quot;}\" data-sheets-userformat=\"{&quot;2&quot;:513,&quot;3&quot;:{&quot;1&quot;:0},&quot;12&quot;:0}\">QU\u00c9: Cantoam\u00e9rica Y Son Urbano<\/span><\/p>\n<p><span data-sheets-value=\"{&quot;1&quot;:2,&quot;2&quot;:&quot;QU\u00c9: Cantoam\u00e9rica Y Son Urbano\\r D\u00d3NDE: Mundoloco El Chante, diagonal Banco Popular San Pedro.\\r CU\u00c1NDO: 10pm, 11 de diciembre del 2015.&quot;}\" data-sheets-userformat=\"{&quot;2&quot;:513,&quot;3&quot;:{&quot;1&quot;:0},&quot;12&quot;:0}\"> D\u00d3NDE: Mundoloco El Chante, diagonal Banco Popular San Pedro. <\/span><\/p>\n<p><span data-sheets-value=\"{&quot;1&quot;:2,&quot;2&quot;:&quot;QU\u00c9: Cantoam\u00e9rica Y Son Urbano\\r D\u00d3NDE: Mundoloco El Chante, diagonal Banco Popular San Pedro.\\r CU\u00c1NDO: 10pm, 11 de diciembre del 2015.&quot;}\" data-sheets-userformat=\"{&quot;2&quot;:513,&quot;3&quot;:{&quot;1&quot;:0},&quot;12&quot;:0}\">CU\u00c1NDO: 10 PM.<\/span><\/p>\n<p><span data-sheets-value=\"{&quot;1&quot;:2,&quot;2&quot;:&quot;QU\u00c9: Cantoam\u00e9rica Y Son Urbano\\r D\u00d3NDE: Mundoloco El Chante, diagonal Banco Popular San Pedro.\\r CU\u00c1NDO: 10pm, 11 de diciembre del 2015.&quot;}\" data-sheets-userformat=\"{&quot;2&quot;:513,&quot;3&quot;:{&quot;1&quot;:0},&quot;12&quot;:0}\">11 de diciembre del 2015.<\/span><\/p>\n","protected":false},"excerpt":{"rendered":"<p>QU\u00c9: Cantoam\u00e9rica Y Son Urbano D\u00d3NDE: Mundoloco El Chante, diagonal Banco Popular San Pedro. CU\u00c1NDO: 10 PM. 11 de diciembre del 2015.<\/p>\n","protected":false},"author":1,"featured_media":5614,"comment_status":"closed","ping_status":"closed","sticky":false,"template":"","format":"standard","meta":{"footnotes":""},"categories":[53],"tags":[],"class_list":["post-5613","post","type-post","status-publish","format-standard","has-post-thumbnail","hentry","category-noticias-generales"],"lang":"es","translations":{"es":5613},"pll_sync_post":[],"post_mailing_queue_ids":[],"_links":{"self":[{"href":"http:\/\/staging.ibermusicas.org\/index.php\/wp-json\/wp\/v2\/posts\/5613","targetHints":{"allow":["GET"]}}],"collection":[{"href":"http:\/\/staging.ibermusicas.org\/index.php\/wp-json\/wp\/v2\/posts"}],"about":[{"href":"http:\/\/staging.ibermusicas.org\/index.php\/wp-json\/wp\/v2\/types\/post"}],"author":[{"embeddable":true,"href":"http:\/\/staging.ibermusicas.org\/index.php\/wp-json\/wp\/v2\/users\/1"}],"replies":[{"embeddable":true,"href":"http:\/\/staging.ibermusicas.org\/index.php\/wp-json\/wp\/v2\/comments?post=5613"}],"version-history":[{"count":1,"href":"http:\/\/staging.ibermusicas.org\/index.php\/wp-json\/wp\/v2\/posts\/5613\/revisions"}],"predecessor-version":[{"id":5615,"href":"http:\/\/staging.ibermusicas.org\/index.php\/wp-json\/wp\/v2\/posts\/5613\/revisions\/5615"}],"wp:featuredmedia":[{"embeddable":true,"href":"http:\/\/staging.ibermusicas.org\/index.php\/wp-json\/wp\/v2\/media\/5614"}],"wp:attachment":[{"href":"http:\/\/staging.ibermusicas.org\/index.php\/wp-json\/wp\/v2\/media?parent=5613"}],"wp:term":[{"taxonomy":"category","embeddable":true,"href":"http:\/\/staging.ibermusicas.org\/index.php\/wp-json\/wp\/v2\/categories?post=5613"},{"taxonomy":"post_tag","embeddable":true,"href":"http:\/\/staging.ibermusicas.org\/index.php\/wp-json\/wp\/v2\/tags?post=5613"}],"curies":[{"name":"wp","href":"https:\/\/api.w.org\/{rel}","templated":true}]}}