{"id":5619,"date":"2015-12-22T03:15:06","date_gmt":"2015-12-22T03:15:06","guid":{"rendered":"http:\/\/staging.ibermusicas.org\/?p=5619"},"modified":"2021-04-22T03:26:00","modified_gmt":"2021-04-22T03:26:00","slug":"ibermusicas-se-complace-en-anunciar-los-nombres-de-los-ganadores-del-2-concurso-de-composicion-de-cancion-popular-2015","status":"publish","type":"post","link":"http:\/\/staging.ibermusicas.org\/index.php\/ibermusicas-se-complace-en-anunciar-los-nombres-de-los-ganadores-del-2-concurso-de-composicion-de-cancion-popular-2015\/","title":{"rendered":"Iberm\u00fasicas se complace en anunciar los nombres de los ganadores del 2\u00b0 Concurso de composici\u00f3n de canci\u00f3n popular 2015"},"content":{"rendered":"<p><span data-sheets-value=\"{&quot;1&quot;:2,&quot;2&quot;:&quot;Para la segunda edici\u00f3n de una de las l\u00edneas de acci\u00f3n preferidas por el p\u00fablico de Iberm\u00fasicas fueron recibidas las propuestas de 450 artistas de los nueve pa\u00edses que conforman el Programa. Durante dos meses las antenas de cada pa\u00eds convocaron a destacados artistas como jurados para trabajar en la pre selecci\u00f3n de los posibles ganadores. La evaluaci\u00f3n final fue realizada por un jurado internacional de renombre mundial.&quot;}\" data-sheets-userformat=\"{&quot;2&quot;:513,&quot;3&quot;:{&quot;1&quot;:0},&quot;12&quot;:0}\">Para la segunda edici\u00f3n de una de las l\u00edneas de acci\u00f3n preferidas por el p\u00fablico de Iberm\u00fasicas fueron recibidas las propuestas de 450 artistas de los nueve pa\u00edses que conforman el Programa. Durante dos meses las antenas de cada pa\u00eds convocaron a destacados artistas como jurados para trabajar en la pre selecci\u00f3n de los posibles ganadores. La evaluaci\u00f3n final fue realizada por un jurado internacional de renombre mundial.<\/span><\/p>\n","protected":false},"excerpt":{"rendered":"<p>Para la segunda edici\u00f3n de una de las l\u00edneas de acci\u00f3n preferidas por el p\u00fablico de Iberm\u00fasicas fueron recibidas las propuestas de 450 artistas de los nueve pa\u00edses que conforman el Programa. Durante dos meses las antenas de cada pa\u00eds convocaron a destacados artistas como jurados para trabajar en la pre selecci\u00f3n de los posibles [&hellip;]<\/p>\n","protected":false},"author":1,"featured_media":5620,"comment_status":"closed","ping_status":"closed","sticky":false,"template":"","format":"standard","meta":{"footnotes":""},"categories":[53],"tags":[],"class_list":["post-5619","post","type-post","status-publish","format-standard","has-post-thumbnail","hentry","category-noticias-generales"],"lang":"es","translations":{"es":5619},"pll_sync_post":[],"post_mailing_queue_ids":[],"_links":{"self":[{"href":"http:\/\/staging.ibermusicas.org\/index.php\/wp-json\/wp\/v2\/posts\/5619","targetHints":{"allow":["GET"]}}],"collection":[{"href":"http:\/\/staging.ibermusicas.org\/index.php\/wp-json\/wp\/v2\/posts"}],"about":[{"href":"http:\/\/staging.ibermusicas.org\/index.php\/wp-json\/wp\/v2\/types\/post"}],"author":[{"embeddable":true,"href":"http:\/\/staging.ibermusicas.org\/index.php\/wp-json\/wp\/v2\/users\/1"}],"replies":[{"embeddable":true,"href":"http:\/\/staging.ibermusicas.org\/index.php\/wp-json\/wp\/v2\/comments?post=5619"}],"version-history":[{"count":1,"href":"http:\/\/staging.ibermusicas.org\/index.php\/wp-json\/wp\/v2\/posts\/5619\/revisions"}],"predecessor-version":[{"id":5621,"href":"http:\/\/staging.ibermusicas.org\/index.php\/wp-json\/wp\/v2\/posts\/5619\/revisions\/5621"}],"wp:featuredmedia":[{"embeddable":true,"href":"http:\/\/staging.ibermusicas.org\/index.php\/wp-json\/wp\/v2\/media\/5620"}],"wp:attachment":[{"href":"http:\/\/staging.ibermusicas.org\/index.php\/wp-json\/wp\/v2\/media?parent=5619"}],"wp:term":[{"taxonomy":"category","embeddable":true,"href":"http:\/\/staging.ibermusicas.org\/index.php\/wp-json\/wp\/v2\/categories?post=5619"},{"taxonomy":"post_tag","embeddable":true,"href":"http:\/\/staging.ibermusicas.org\/index.php\/wp-json\/wp\/v2\/tags?post=5619"}],"curies":[{"name":"wp","href":"https:\/\/api.w.org\/{rel}","templated":true}]}}