{"id":5632,"date":"2016-01-22T03:33:55","date_gmt":"2016-01-22T03:33:55","guid":{"rendered":"http:\/\/staging.ibermusicas.org\/?p=5632"},"modified":"2021-04-22T03:36:28","modified_gmt":"2021-04-22T03:36:28","slug":"el-compositor-brasileno-rodolfo-valente-inicia-su-residencia-compositiva-en-el-collegiun-musicum-de-portugal","status":"publish","type":"post","link":"http:\/\/staging.ibermusicas.org\/index.php\/el-compositor-brasileno-rodolfo-valente-inicia-su-residencia-compositiva-en-el-collegiun-musicum-de-portugal\/","title":{"rendered":"El compositor brasile\u00f1o \u201cRodolfo Valente\u201d inicia su residencia compositiva en el \u201cCollegiun Musicum\u201d de Portugal"},"content":{"rendered":"<p><span data-sheets-value=\"{&quot;1&quot;:2,&quot;2&quot;:&quot;Rodolfo Valente inicia sus cinco semanas de residencia creativa en el Conservatorio de M\u00fasica de Seia - Collegium Musicum de Portugal con el objeto de componer una pieza mixta para una formaci\u00f3n de cinco instrumentos y sonidos electr\u00f3nicos. &quot;}\" data-sheets-userformat=\"{&quot;2&quot;:513,&quot;3&quot;:{&quot;1&quot;:0},&quot;12&quot;:0}\">Rodolfo Valente inicia sus cinco semanas de residencia creativa en el Conservatorio de M\u00fasica de Seia &#8211; Collegium Musicum de Portugal con el objeto de componer una pieza mixta para una formaci\u00f3n de cinco instrumentos y sonidos electr\u00f3nicos. <\/span><\/p>\n","protected":false},"excerpt":{"rendered":"<p>Rodolfo Valente inicia sus cinco semanas de residencia creativa en el Conservatorio de M\u00fasica de Seia &#8211; Collegium Musicum de Portugal con el objeto de componer una pieza mixta para una formaci\u00f3n de cinco instrumentos y sonidos electr\u00f3nicos.<\/p>\n","protected":false},"author":1,"featured_media":5633,"comment_status":"closed","ping_status":"closed","sticky":false,"template":"","format":"standard","meta":{"footnotes":""},"categories":[53],"tags":[],"class_list":["post-5632","post","type-post","status-publish","format-standard","has-post-thumbnail","hentry","category-noticias-generales"],"lang":"es","translations":{"es":5632},"pll_sync_post":[],"post_mailing_queue_ids":[],"_links":{"self":[{"href":"http:\/\/staging.ibermusicas.org\/index.php\/wp-json\/wp\/v2\/posts\/5632","targetHints":{"allow":["GET"]}}],"collection":[{"href":"http:\/\/staging.ibermusicas.org\/index.php\/wp-json\/wp\/v2\/posts"}],"about":[{"href":"http:\/\/staging.ibermusicas.org\/index.php\/wp-json\/wp\/v2\/types\/post"}],"author":[{"embeddable":true,"href":"http:\/\/staging.ibermusicas.org\/index.php\/wp-json\/wp\/v2\/users\/1"}],"replies":[{"embeddable":true,"href":"http:\/\/staging.ibermusicas.org\/index.php\/wp-json\/wp\/v2\/comments?post=5632"}],"version-history":[{"count":1,"href":"http:\/\/staging.ibermusicas.org\/index.php\/wp-json\/wp\/v2\/posts\/5632\/revisions"}],"predecessor-version":[{"id":5634,"href":"http:\/\/staging.ibermusicas.org\/index.php\/wp-json\/wp\/v2\/posts\/5632\/revisions\/5634"}],"wp:featuredmedia":[{"embeddable":true,"href":"http:\/\/staging.ibermusicas.org\/index.php\/wp-json\/wp\/v2\/media\/5633"}],"wp:attachment":[{"href":"http:\/\/staging.ibermusicas.org\/index.php\/wp-json\/wp\/v2\/media?parent=5632"}],"wp:term":[{"taxonomy":"category","embeddable":true,"href":"http:\/\/staging.ibermusicas.org\/index.php\/wp-json\/wp\/v2\/categories?post=5632"},{"taxonomy":"post_tag","embeddable":true,"href":"http:\/\/staging.ibermusicas.org\/index.php\/wp-json\/wp\/v2\/tags?post=5632"}],"curies":[{"name":"wp","href":"https:\/\/api.w.org\/{rel}","templated":true}]}}