{"id":5644,"date":"2016-02-05T17:57:51","date_gmt":"2016-02-05T17:57:51","guid":{"rendered":"http:\/\/staging.ibermusicas.org\/?p=5644"},"modified":"2021-04-22T18:00:04","modified_gmt":"2021-04-22T18:00:04","slug":"con-gran-satisfaccion-ibermusicas-anuncia-la-obra-ganadora-del-1-concurso-iberoamericano-de-composicion-para-orquesta-de-cuerdas","status":"publish","type":"post","link":"http:\/\/staging.ibermusicas.org\/index.php\/con-gran-satisfaccion-ibermusicas-anuncia-la-obra-ganadora-del-1-concurso-iberoamericano-de-composicion-para-orquesta-de-cuerdas\/","title":{"rendered":"Con gran satisfacci\u00f3n Iberm\u00fasicas anuncia la obra ganadora del 1\u00b0 Concurso iberoamericano de composicio\u0301n para orquesta de cuerdas"},"content":{"rendered":"<p>Los d\u00edas 16 y 18 del mes de febrero de 2016 se reuni\u00f3 el jurado del Primer Concurso Iberoamericano de Composici\u00f3n para Orquesta de Cuerdas Iberm\u00fasicas, conformado por los maestros Juan Ortiz de Z\u00e1rate de Argentina y Fernando Valc\u00e1rcel de Per\u00fa con la tarea de realizar la evaluaci\u00f3n de las ochenta y un obras originales presentadas al concurso.<\/p>\n","protected":false},"excerpt":{"rendered":"<p>Los d\u00edas 16 y 18 del mes de febrero de 2016 se reuni\u00f3 el jurado del Primer Concurso Iberoamericano de Composici\u00f3n para Orquesta de Cuerdas Iberm\u00fasicas, conformado por los maestros Juan Ortiz de Z\u00e1rate de Argentina y Fernando Valc\u00e1rcel de Per\u00fa con la tarea de realizar la evaluaci\u00f3n de las ochenta y un obras originales [&hellip;]<\/p>\n","protected":false},"author":1,"featured_media":5645,"comment_status":"closed","ping_status":"closed","sticky":false,"template":"","format":"standard","meta":{"footnotes":""},"categories":[53],"tags":[],"class_list":["post-5644","post","type-post","status-publish","format-standard","has-post-thumbnail","hentry","category-noticias-generales"],"lang":"es","translations":{"es":5644},"pll_sync_post":[],"post_mailing_queue_ids":[],"_links":{"self":[{"href":"http:\/\/staging.ibermusicas.org\/index.php\/wp-json\/wp\/v2\/posts\/5644","targetHints":{"allow":["GET"]}}],"collection":[{"href":"http:\/\/staging.ibermusicas.org\/index.php\/wp-json\/wp\/v2\/posts"}],"about":[{"href":"http:\/\/staging.ibermusicas.org\/index.php\/wp-json\/wp\/v2\/types\/post"}],"author":[{"embeddable":true,"href":"http:\/\/staging.ibermusicas.org\/index.php\/wp-json\/wp\/v2\/users\/1"}],"replies":[{"embeddable":true,"href":"http:\/\/staging.ibermusicas.org\/index.php\/wp-json\/wp\/v2\/comments?post=5644"}],"version-history":[{"count":2,"href":"http:\/\/staging.ibermusicas.org\/index.php\/wp-json\/wp\/v2\/posts\/5644\/revisions"}],"predecessor-version":[{"id":5647,"href":"http:\/\/staging.ibermusicas.org\/index.php\/wp-json\/wp\/v2\/posts\/5644\/revisions\/5647"}],"wp:featuredmedia":[{"embeddable":true,"href":"http:\/\/staging.ibermusicas.org\/index.php\/wp-json\/wp\/v2\/media\/5645"}],"wp:attachment":[{"href":"http:\/\/staging.ibermusicas.org\/index.php\/wp-json\/wp\/v2\/media?parent=5644"}],"wp:term":[{"taxonomy":"category","embeddable":true,"href":"http:\/\/staging.ibermusicas.org\/index.php\/wp-json\/wp\/v2\/categories?post=5644"},{"taxonomy":"post_tag","embeddable":true,"href":"http:\/\/staging.ibermusicas.org\/index.php\/wp-json\/wp\/v2\/tags?post=5644"}],"curies":[{"name":"wp","href":"https:\/\/api.w.org\/{rel}","templated":true}]}}