{"id":5658,"date":"2016-05-22T18:19:55","date_gmt":"2016-05-22T18:19:55","guid":{"rendered":"http:\/\/staging.ibermusicas.org\/?p=5658"},"modified":"2021-04-23T01:43:53","modified_gmt":"2021-04-23T01:43:53","slug":"el-compositor-mexicano-ignacio-baca-lobera-viaja-a-espana-para-componer-una-obra-para-el-grupo-neopersucion-de-madrid","status":"publish","type":"post","link":"http:\/\/staging.ibermusicas.org\/index.php\/el-compositor-mexicano-ignacio-baca-lobera-viaja-a-espana-para-componer-una-obra-para-el-grupo-neopersucion-de-madrid\/","title":{"rendered":"El compositor Mexicano \u201cIgnacio Baca Lobera\u201d viaja a Espa\u00f1a para componer una obra para el grupo \u201cNeopersuci\u00f3n\u201d de Madrid"},"content":{"rendered":"<p>Ignacio Baca Lobera, compositor egresado de la UNAM y de la Univesidad de California, comenzar\u00e1 su residencia para crear una obra para tr\u00edo de percusi\u00f3n y electr\u00f3nica en l\u00ednea con su actual investigaci\u00f3n sobre el an\u00e1lisis sistem\u00e1tico de las relaciones t\u00edmbricas entre los timbres ac\u00fasticos y los electroac\u00fasticos. <\/p>\n","protected":false},"excerpt":{"rendered":"<p>Ignacio Baca Lobera, compositor egresado de la UNAM y de la Univesidad de California, comenzar\u00e1 su residencia para crear una obra para tr\u00edo de percusi\u00f3n y electr\u00f3nica en l\u00ednea con su actual investigaci\u00f3n sobre el an\u00e1lisis sistem\u00e1tico de las relaciones t\u00edmbricas entre los timbres ac\u00fasticos y los electroac\u00fasticos.<\/p>\n","protected":false},"author":1,"featured_media":5659,"comment_status":"closed","ping_status":"closed","sticky":false,"template":"","format":"standard","meta":{"footnotes":""},"categories":[53],"tags":[],"class_list":["post-5658","post","type-post","status-publish","format-standard","has-post-thumbnail","hentry","category-noticias-generales"],"lang":"es","translations":{"es":5658},"pll_sync_post":[],"post_mailing_queue_ids":[],"_links":{"self":[{"href":"http:\/\/staging.ibermusicas.org\/index.php\/wp-json\/wp\/v2\/posts\/5658","targetHints":{"allow":["GET"]}}],"collection":[{"href":"http:\/\/staging.ibermusicas.org\/index.php\/wp-json\/wp\/v2\/posts"}],"about":[{"href":"http:\/\/staging.ibermusicas.org\/index.php\/wp-json\/wp\/v2\/types\/post"}],"author":[{"embeddable":true,"href":"http:\/\/staging.ibermusicas.org\/index.php\/wp-json\/wp\/v2\/users\/1"}],"replies":[{"embeddable":true,"href":"http:\/\/staging.ibermusicas.org\/index.php\/wp-json\/wp\/v2\/comments?post=5658"}],"version-history":[{"count":1,"href":"http:\/\/staging.ibermusicas.org\/index.php\/wp-json\/wp\/v2\/posts\/5658\/revisions"}],"predecessor-version":[{"id":5660,"href":"http:\/\/staging.ibermusicas.org\/index.php\/wp-json\/wp\/v2\/posts\/5658\/revisions\/5660"}],"wp:featuredmedia":[{"embeddable":true,"href":"http:\/\/staging.ibermusicas.org\/index.php\/wp-json\/wp\/v2\/media\/5659"}],"wp:attachment":[{"href":"http:\/\/staging.ibermusicas.org\/index.php\/wp-json\/wp\/v2\/media?parent=5658"}],"wp:term":[{"taxonomy":"category","embeddable":true,"href":"http:\/\/staging.ibermusicas.org\/index.php\/wp-json\/wp\/v2\/categories?post=5658"},{"taxonomy":"post_tag","embeddable":true,"href":"http:\/\/staging.ibermusicas.org\/index.php\/wp-json\/wp\/v2\/tags?post=5658"}],"curies":[{"name":"wp","href":"https:\/\/api.w.org\/{rel}","templated":true}]}}