{"id":5665,"date":"2016-07-10T10:17:34","date_gmt":"2016-07-10T10:17:34","guid":{"rendered":"http:\/\/staging.ibermusicas.org\/?p=5665"},"modified":"2021-04-26T10:19:16","modified_gmt":"2021-04-26T10:19:16","slug":"el-compositor-brasileno-paulo-rios-filho-inicia-su-residencia-compositiva-en-the-banff-centre-de-canada","status":"publish","type":"post","link":"http:\/\/staging.ibermusicas.org\/index.php\/el-compositor-brasileno-paulo-rios-filho-inicia-su-residencia-compositiva-en-the-banff-centre-de-canada\/","title":{"rendered":"El compositor brasile\u00f1o \u201cPaulo Rios Filho\u201d inicia su residencia compositiva en \u201cThe Banff Centre\u201d de Canad\u00e1"},"content":{"rendered":"<p>La hibridaci\u00f3n cultural como un horizonte metodol\u00f3gico para la creaci\u00f3n de m\u00fasica contempor\u00e1nea, es la idea rectora en la b\u00fasqueda art\u00edstica del compositor Paulo Rios Filho. <\/p>\n","protected":false},"excerpt":{"rendered":"<p>La hibridaci\u00f3n cultural como un horizonte metodol\u00f3gico para la creaci\u00f3n de m\u00fasica contempor\u00e1nea, es la idea rectora en la b\u00fasqueda art\u00edstica del compositor Paulo Rios Filho.<\/p>\n","protected":false},"author":1,"featured_media":5666,"comment_status":"closed","ping_status":"closed","sticky":false,"template":"","format":"standard","meta":{"footnotes":""},"categories":[53],"tags":[],"class_list":["post-5665","post","type-post","status-publish","format-standard","has-post-thumbnail","hentry","category-noticias-generales"],"lang":"es","translations":{"es":5665},"pll_sync_post":[],"post_mailing_queue_ids":[],"_links":{"self":[{"href":"http:\/\/staging.ibermusicas.org\/index.php\/wp-json\/wp\/v2\/posts\/5665","targetHints":{"allow":["GET"]}}],"collection":[{"href":"http:\/\/staging.ibermusicas.org\/index.php\/wp-json\/wp\/v2\/posts"}],"about":[{"href":"http:\/\/staging.ibermusicas.org\/index.php\/wp-json\/wp\/v2\/types\/post"}],"author":[{"embeddable":true,"href":"http:\/\/staging.ibermusicas.org\/index.php\/wp-json\/wp\/v2\/users\/1"}],"replies":[{"embeddable":true,"href":"http:\/\/staging.ibermusicas.org\/index.php\/wp-json\/wp\/v2\/comments?post=5665"}],"version-history":[{"count":1,"href":"http:\/\/staging.ibermusicas.org\/index.php\/wp-json\/wp\/v2\/posts\/5665\/revisions"}],"predecessor-version":[{"id":5667,"href":"http:\/\/staging.ibermusicas.org\/index.php\/wp-json\/wp\/v2\/posts\/5665\/revisions\/5667"}],"wp:featuredmedia":[{"embeddable":true,"href":"http:\/\/staging.ibermusicas.org\/index.php\/wp-json\/wp\/v2\/media\/5666"}],"wp:attachment":[{"href":"http:\/\/staging.ibermusicas.org\/index.php\/wp-json\/wp\/v2\/media?parent=5665"}],"wp:term":[{"taxonomy":"category","embeddable":true,"href":"http:\/\/staging.ibermusicas.org\/index.php\/wp-json\/wp\/v2\/categories?post=5665"},{"taxonomy":"post_tag","embeddable":true,"href":"http:\/\/staging.ibermusicas.org\/index.php\/wp-json\/wp\/v2\/tags?post=5665"}],"curies":[{"name":"wp","href":"https:\/\/api.w.org\/{rel}","templated":true}]}}