{"id":5668,"date":"2016-04-26T10:19:44","date_gmt":"2016-04-26T10:19:44","guid":{"rendered":"http:\/\/staging.ibermusicas.org\/?p=5668"},"modified":"2021-04-26T10:23:01","modified_gmt":"2021-04-26T10:23:01","slug":"se-realizara-en-mexico-df-el-xx-encuentro-internacional-y-el-xvi-encuentro-iberoamericano-de-mujeres-en-el-arte-organizado-por-el-colectivo-de-mujeres-en-la-musica-ac","status":"publish","type":"post","link":"http:\/\/staging.ibermusicas.org\/index.php\/se-realizara-en-mexico-df-el-xx-encuentro-internacional-y-el-xvi-encuentro-iberoamericano-de-mujeres-en-el-arte-organizado-por-el-colectivo-de-mujeres-en-la-musica-ac\/","title":{"rendered":"Se realizar\u00e1 en M\u00e9xico DF el XX Encuentro Internacional y el XVI Encuentro Iberoamericano de Mujeres en el Arte organizado por el Colectivo de Mujeres en la M\u00fasica AC"},"content":{"rendered":"<p>La Coordinadora Internacional de Mujeres en el Arte, ComuArte, y El Colectivo Mujeres en la M\u00fasica A. C. con el apoyo de Iberm\u00fasicas realizar\u00e1 su encuentro que abordar\u00e1 la tem\u00e1tica: \u201cDe Dulcineas a Quijotas. Conquistando Molinos\u201d. <\/p>\n","protected":false},"excerpt":{"rendered":"<p>La Coordinadora Internacional de Mujeres en el Arte, ComuArte, y El Colectivo Mujeres en la M\u00fasica A. C. con el apoyo de Iberm\u00fasicas realizar\u00e1 su encuentro que abordar\u00e1 la tem\u00e1tica: \u201cDe Dulcineas a Quijotas. Conquistando Molinos\u201d.<\/p>\n","protected":false},"author":1,"featured_media":5669,"comment_status":"closed","ping_status":"closed","sticky":false,"template":"","format":"standard","meta":{"footnotes":""},"categories":[53],"tags":[],"class_list":["post-5668","post","type-post","status-publish","format-standard","has-post-thumbnail","hentry","category-noticias-generales"],"lang":"es","translations":{"es":5668},"pll_sync_post":[],"post_mailing_queue_ids":[],"_links":{"self":[{"href":"http:\/\/staging.ibermusicas.org\/index.php\/wp-json\/wp\/v2\/posts\/5668","targetHints":{"allow":["GET"]}}],"collection":[{"href":"http:\/\/staging.ibermusicas.org\/index.php\/wp-json\/wp\/v2\/posts"}],"about":[{"href":"http:\/\/staging.ibermusicas.org\/index.php\/wp-json\/wp\/v2\/types\/post"}],"author":[{"embeddable":true,"href":"http:\/\/staging.ibermusicas.org\/index.php\/wp-json\/wp\/v2\/users\/1"}],"replies":[{"embeddable":true,"href":"http:\/\/staging.ibermusicas.org\/index.php\/wp-json\/wp\/v2\/comments?post=5668"}],"version-history":[{"count":1,"href":"http:\/\/staging.ibermusicas.org\/index.php\/wp-json\/wp\/v2\/posts\/5668\/revisions"}],"predecessor-version":[{"id":5670,"href":"http:\/\/staging.ibermusicas.org\/index.php\/wp-json\/wp\/v2\/posts\/5668\/revisions\/5670"}],"wp:featuredmedia":[{"embeddable":true,"href":"http:\/\/staging.ibermusicas.org\/index.php\/wp-json\/wp\/v2\/media\/5669"}],"wp:attachment":[{"href":"http:\/\/staging.ibermusicas.org\/index.php\/wp-json\/wp\/v2\/media?parent=5668"}],"wp:term":[{"taxonomy":"category","embeddable":true,"href":"http:\/\/staging.ibermusicas.org\/index.php\/wp-json\/wp\/v2\/categories?post=5668"},{"taxonomy":"post_tag","embeddable":true,"href":"http:\/\/staging.ibermusicas.org\/index.php\/wp-json\/wp\/v2\/tags?post=5668"}],"curies":[{"name":"wp","href":"https:\/\/api.w.org\/{rel}","templated":true}]}}