{"id":5677,"date":"2016-07-26T10:27:43","date_gmt":"2016-07-26T10:27:43","guid":{"rendered":"http:\/\/staging.ibermusicas.org\/?p=5677"},"modified":"2021-04-26T10:29:14","modified_gmt":"2021-04-26T10:29:14","slug":"el-compositor-argentino-mario-mary-iniciara-su-residencia-creativa-en-el-cmmas-de-mexico","status":"publish","type":"post","link":"http:\/\/staging.ibermusicas.org\/index.php\/el-compositor-argentino-mario-mary-iniciara-su-residencia-creativa-en-el-cmmas-de-mexico\/","title":{"rendered":"El compositor argentino Mario Mary iniciar\u00e1 su residencia creativa en el CMMAS de M\u00e9xico"},"content":{"rendered":"<p>Mario Mary es Profesor y Licenciado en Composici\u00f3n, egresado de la Facultad de Bellas Artes de la Universidad Nacional de La Plata. Realiz\u00f3 estudios en el Conservatorio de M\u00fasica de Par\u00eds y otras prestigiosas instituciones acad\u00e9micas de Francia. <\/p>\n","protected":false},"excerpt":{"rendered":"<p>Mario Mary es Profesor y Licenciado en Composici\u00f3n, egresado de la Facultad de Bellas Artes de la Universidad Nacional de La Plata. Realiz\u00f3 estudios en el Conservatorio de M\u00fasica de Par\u00eds y otras prestigiosas instituciones acad\u00e9micas de Francia.<\/p>\n","protected":false},"author":1,"featured_media":5678,"comment_status":"closed","ping_status":"closed","sticky":false,"template":"","format":"standard","meta":{"footnotes":""},"categories":[53],"tags":[],"class_list":["post-5677","post","type-post","status-publish","format-standard","has-post-thumbnail","hentry","category-noticias-generales"],"lang":"es","translations":{"es":5677},"pll_sync_post":[],"post_mailing_queue_ids":[],"_links":{"self":[{"href":"http:\/\/staging.ibermusicas.org\/index.php\/wp-json\/wp\/v2\/posts\/5677","targetHints":{"allow":["GET"]}}],"collection":[{"href":"http:\/\/staging.ibermusicas.org\/index.php\/wp-json\/wp\/v2\/posts"}],"about":[{"href":"http:\/\/staging.ibermusicas.org\/index.php\/wp-json\/wp\/v2\/types\/post"}],"author":[{"embeddable":true,"href":"http:\/\/staging.ibermusicas.org\/index.php\/wp-json\/wp\/v2\/users\/1"}],"replies":[{"embeddable":true,"href":"http:\/\/staging.ibermusicas.org\/index.php\/wp-json\/wp\/v2\/comments?post=5677"}],"version-history":[{"count":1,"href":"http:\/\/staging.ibermusicas.org\/index.php\/wp-json\/wp\/v2\/posts\/5677\/revisions"}],"predecessor-version":[{"id":5679,"href":"http:\/\/staging.ibermusicas.org\/index.php\/wp-json\/wp\/v2\/posts\/5677\/revisions\/5679"}],"wp:featuredmedia":[{"embeddable":true,"href":"http:\/\/staging.ibermusicas.org\/index.php\/wp-json\/wp\/v2\/media\/5678"}],"wp:attachment":[{"href":"http:\/\/staging.ibermusicas.org\/index.php\/wp-json\/wp\/v2\/media?parent=5677"}],"wp:term":[{"taxonomy":"category","embeddable":true,"href":"http:\/\/staging.ibermusicas.org\/index.php\/wp-json\/wp\/v2\/categories?post=5677"},{"taxonomy":"post_tag","embeddable":true,"href":"http:\/\/staging.ibermusicas.org\/index.php\/wp-json\/wp\/v2\/tags?post=5677"}],"curies":[{"name":"wp","href":"https:\/\/api.w.org\/{rel}","templated":true}]}}