{"id":5680,"date":"2016-08-06T10:29:28","date_gmt":"2016-08-06T10:29:28","guid":{"rendered":"http:\/\/staging.ibermusicas.org\/?p=5680"},"modified":"2021-04-26T10:31:17","modified_gmt":"2021-04-26T10:31:17","slug":"la-pianista-y-compositora-costarricense-pilar-aguilar-munoz-inicia-su-residencia-compositiva-con-el-maestro-adolf-pla","status":"publish","type":"post","link":"http:\/\/staging.ibermusicas.org\/index.php\/la-pianista-y-compositora-costarricense-pilar-aguilar-munoz-inicia-su-residencia-compositiva-con-el-maestro-adolf-pla\/","title":{"rendered":"La pianista y compositora Costarricense \u201cPilar Aguilar Mu\u00f1oz\u201d inicia su residencia compositiva con el maestro Adolf Pla"},"content":{"rendered":"<p>Pilar Aguilar Mu\u00f1oz, destacada pianista y cultura de un estilo compositivo neorrom\u00e1ntico viajar\u00e1 desde Costa Rica a Catalu\u00f1a para llevar adelante su residencia art\u00edstica con el maestro Adolf Pla, profesor de piano y m\u00fasica de c\u00e1mara en la Escola Superior de M\u00fasica de Calalunya.<\/p>\n","protected":false},"excerpt":{"rendered":"<p>Pilar Aguilar Mu\u00f1oz, destacada pianista y cultura de un estilo compositivo neorrom\u00e1ntico viajar\u00e1 desde Costa Rica a Catalu\u00f1a para llevar adelante su residencia art\u00edstica con el maestro Adolf Pla, profesor de piano y m\u00fasica de c\u00e1mara en la Escola Superior de M\u00fasica de Calalunya.<\/p>\n","protected":false},"author":1,"featured_media":5681,"comment_status":"closed","ping_status":"closed","sticky":false,"template":"","format":"standard","meta":{"footnotes":""},"categories":[53],"tags":[],"class_list":["post-5680","post","type-post","status-publish","format-standard","has-post-thumbnail","hentry","category-noticias-generales"],"lang":"es","translations":{"es":5680},"pll_sync_post":[],"post_mailing_queue_ids":[],"_links":{"self":[{"href":"http:\/\/staging.ibermusicas.org\/index.php\/wp-json\/wp\/v2\/posts\/5680","targetHints":{"allow":["GET"]}}],"collection":[{"href":"http:\/\/staging.ibermusicas.org\/index.php\/wp-json\/wp\/v2\/posts"}],"about":[{"href":"http:\/\/staging.ibermusicas.org\/index.php\/wp-json\/wp\/v2\/types\/post"}],"author":[{"embeddable":true,"href":"http:\/\/staging.ibermusicas.org\/index.php\/wp-json\/wp\/v2\/users\/1"}],"replies":[{"embeddable":true,"href":"http:\/\/staging.ibermusicas.org\/index.php\/wp-json\/wp\/v2\/comments?post=5680"}],"version-history":[{"count":1,"href":"http:\/\/staging.ibermusicas.org\/index.php\/wp-json\/wp\/v2\/posts\/5680\/revisions"}],"predecessor-version":[{"id":5682,"href":"http:\/\/staging.ibermusicas.org\/index.php\/wp-json\/wp\/v2\/posts\/5680\/revisions\/5682"}],"wp:featuredmedia":[{"embeddable":true,"href":"http:\/\/staging.ibermusicas.org\/index.php\/wp-json\/wp\/v2\/media\/5681"}],"wp:attachment":[{"href":"http:\/\/staging.ibermusicas.org\/index.php\/wp-json\/wp\/v2\/media?parent=5680"}],"wp:term":[{"taxonomy":"category","embeddable":true,"href":"http:\/\/staging.ibermusicas.org\/index.php\/wp-json\/wp\/v2\/categories?post=5680"},{"taxonomy":"post_tag","embeddable":true,"href":"http:\/\/staging.ibermusicas.org\/index.php\/wp-json\/wp\/v2\/tags?post=5680"}],"curies":[{"name":"wp","href":"https:\/\/api.w.org\/{rel}","templated":true}]}}