{"id":5683,"date":"2016-04-07T10:31:25","date_gmt":"2016-04-07T10:31:25","guid":{"rendered":"http:\/\/staging.ibermusicas.org\/?p=5683"},"modified":"2021-04-26T12:28:27","modified_gmt":"2021-04-26T12:28:27","slug":"311ibermusicas-abraza-a-cubadesde-ibermusicas-nos-complace-anunciar-que-durante-la-x-reunion-del-comite-intergubernamental-realizada-en-cusco-peru-recibimos-la-confirmacion-que-la-republica-de-cuba","status":"publish","type":"post","link":"http:\/\/staging.ibermusicas.org\/index.php\/311ibermusicas-abraza-a-cubadesde-ibermusicas-nos-complace-anunciar-que-durante-la-x-reunion-del-comite-intergubernamental-realizada-en-cusco-peru-recibimos-la-confirmacion-que-la-republica-de-cuba\/","title":{"rendered":"Iberm\u00fasicas abraza a Cuba"},"content":{"rendered":"<p>Desde Iberm\u00fasicas nos complace anunciar que durante la X Reuni\u00f3n del Comit\u00e9 Intergubernamental realizada en Cusco, Per\u00fa recibimos la confirmaci\u00f3n que la Rep\u00fablica de Cuba, a trav\u00e9s del Instituto Cubano de la M\u00fasica del Ministerio de Cultura, se suma como miembro pleno al Programa Iberm\u00fasicas a partir del corriente a\u00f1o.<br \/>\nLos d\u00edas 9, 10 y 11 de Marzo, se llev\u00f3 a cabo en la Ciudad de Cusco, Per\u00fa la X Reuni\u00f3n del Comit\u00e9 Intergubernamental del Programa de Fomento de las M\u00fasicas Iberoamericanas IBERM\u00daSICAS. La misma fue organizada por la Direcci\u00f3n de Industrias Culturales y Artes del Ministerio de Cultura del Per\u00fa y el invaluable apoyo de la Direcci\u00f3n Desconcentrada de Cultura de Cusco.<\/p>\n","protected":false},"excerpt":{"rendered":"<p>Desde Iberm\u00fasicas nos complace anunciar que durante la X Reuni\u00f3n del Comit\u00e9 Intergubernamental realizada en Cusco, Per\u00fa recibimos la confirmaci\u00f3n que la Rep\u00fablica de Cuba, a trav\u00e9s del Instituto Cubano de la M\u00fasica del Ministerio de Cultura, se suma como miembro pleno al Programa Iberm\u00fasicas a partir del corriente a\u00f1o. Los d\u00edas 9, 10 y [&hellip;]<\/p>\n","protected":false},"author":1,"featured_media":5684,"comment_status":"closed","ping_status":"closed","sticky":false,"template":"","format":"standard","meta":{"footnotes":""},"categories":[53],"tags":[],"class_list":["post-5683","post","type-post","status-publish","format-standard","has-post-thumbnail","hentry","category-noticias-generales"],"lang":"es","translations":{"es":5683},"pll_sync_post":[],"post_mailing_queue_ids":[],"_links":{"self":[{"href":"http:\/\/staging.ibermusicas.org\/index.php\/wp-json\/wp\/v2\/posts\/5683","targetHints":{"allow":["GET"]}}],"collection":[{"href":"http:\/\/staging.ibermusicas.org\/index.php\/wp-json\/wp\/v2\/posts"}],"about":[{"href":"http:\/\/staging.ibermusicas.org\/index.php\/wp-json\/wp\/v2\/types\/post"}],"author":[{"embeddable":true,"href":"http:\/\/staging.ibermusicas.org\/index.php\/wp-json\/wp\/v2\/users\/1"}],"replies":[{"embeddable":true,"href":"http:\/\/staging.ibermusicas.org\/index.php\/wp-json\/wp\/v2\/comments?post=5683"}],"version-history":[{"count":3,"href":"http:\/\/staging.ibermusicas.org\/index.php\/wp-json\/wp\/v2\/posts\/5683\/revisions"}],"predecessor-version":[{"id":5742,"href":"http:\/\/staging.ibermusicas.org\/index.php\/wp-json\/wp\/v2\/posts\/5683\/revisions\/5742"}],"wp:featuredmedia":[{"embeddable":true,"href":"http:\/\/staging.ibermusicas.org\/index.php\/wp-json\/wp\/v2\/media\/5684"}],"wp:attachment":[{"href":"http:\/\/staging.ibermusicas.org\/index.php\/wp-json\/wp\/v2\/media?parent=5683"}],"wp:term":[{"taxonomy":"category","embeddable":true,"href":"http:\/\/staging.ibermusicas.org\/index.php\/wp-json\/wp\/v2\/categories?post=5683"},{"taxonomy":"post_tag","embeddable":true,"href":"http:\/\/staging.ibermusicas.org\/index.php\/wp-json\/wp\/v2\/tags?post=5683"}],"curies":[{"name":"wp","href":"https:\/\/api.w.org\/{rel}","templated":true}]}}