{"id":5692,"date":"2016-03-26T10:38:52","date_gmt":"2016-03-26T10:38:52","guid":{"rendered":"http:\/\/staging.ibermusicas.org\/?p=5692"},"modified":"2021-04-26T10:44:09","modified_gmt":"2021-04-26T10:44:09","slug":"desde-argentina-el-grupo-persona-viaja-a-brasil-para-presentarse-en-el-festival-grito-rock","status":"publish","type":"post","link":"http:\/\/staging.ibermusicas.org\/index.php\/desde-argentina-el-grupo-persona-viaja-a-brasil-para-presentarse-en-el-festival-grito-rock\/","title":{"rendered":"Desde Argentina el grupo PERSONA viaja a Brasil para presentarse en el FESTIVAL GRITO ROCK"},"content":{"rendered":"<p>Persona es un cuarteto de rock psicod\u00e9lico instrumental que suma a su s\u00f3lida performance sonora un trabajo de puesta en escena impecable haciendo de cada recital un espect\u00e1culo sensorial que lleva al espectador a un trance hipn\u00f3tico mediante las visuales y la puesta de luces. <\/p>\n","protected":false},"excerpt":{"rendered":"<p>Persona es un cuarteto de rock psicod\u00e9lico instrumental que suma a su s\u00f3lida performance sonora un trabajo de puesta en escena impecable haciendo de cada recital un espect\u00e1culo sensorial que lleva al espectador a un trance hipn\u00f3tico mediante las visuales y la puesta de luces.<\/p>\n","protected":false},"author":1,"featured_media":5694,"comment_status":"closed","ping_status":"closed","sticky":false,"template":"","format":"standard","meta":{"footnotes":""},"categories":[53],"tags":[],"class_list":["post-5692","post","type-post","status-publish","format-standard","has-post-thumbnail","hentry","category-noticias-generales"],"lang":"es","translations":{"es":5692},"pll_sync_post":[],"post_mailing_queue_ids":[],"_links":{"self":[{"href":"http:\/\/staging.ibermusicas.org\/index.php\/wp-json\/wp\/v2\/posts\/5692","targetHints":{"allow":["GET"]}}],"collection":[{"href":"http:\/\/staging.ibermusicas.org\/index.php\/wp-json\/wp\/v2\/posts"}],"about":[{"href":"http:\/\/staging.ibermusicas.org\/index.php\/wp-json\/wp\/v2\/types\/post"}],"author":[{"embeddable":true,"href":"http:\/\/staging.ibermusicas.org\/index.php\/wp-json\/wp\/v2\/users\/1"}],"replies":[{"embeddable":true,"href":"http:\/\/staging.ibermusicas.org\/index.php\/wp-json\/wp\/v2\/comments?post=5692"}],"version-history":[{"count":1,"href":"http:\/\/staging.ibermusicas.org\/index.php\/wp-json\/wp\/v2\/posts\/5692\/revisions"}],"predecessor-version":[{"id":5695,"href":"http:\/\/staging.ibermusicas.org\/index.php\/wp-json\/wp\/v2\/posts\/5692\/revisions\/5695"}],"wp:featuredmedia":[{"embeddable":true,"href":"http:\/\/staging.ibermusicas.org\/index.php\/wp-json\/wp\/v2\/media\/5694"}],"wp:attachment":[{"href":"http:\/\/staging.ibermusicas.org\/index.php\/wp-json\/wp\/v2\/media?parent=5692"}],"wp:term":[{"taxonomy":"category","embeddable":true,"href":"http:\/\/staging.ibermusicas.org\/index.php\/wp-json\/wp\/v2\/categories?post=5692"},{"taxonomy":"post_tag","embeddable":true,"href":"http:\/\/staging.ibermusicas.org\/index.php\/wp-json\/wp\/v2\/tags?post=5692"}],"curies":[{"name":"wp","href":"https:\/\/api.w.org\/{rel}","templated":true}]}}