{"id":5696,"date":"2016-04-20T11:53:44","date_gmt":"2016-04-20T11:53:44","guid":{"rendered":"http:\/\/staging.ibermusicas.org\/?p=5696"},"modified":"2021-07-14T03:38:10","modified_gmt":"2021-07-14T03:38:10","slug":"julen-y-la-gente-sola-la-banda-indie-uruguaya-se-presentara-en-el-lima-popfest-de-peru","status":"publish","type":"post","link":"http:\/\/staging.ibermusicas.org\/index.php\/julen-y-la-gente-sola-la-banda-indie-uruguaya-se-presentara-en-el-lima-popfest-de-peru\/","title":{"rendered":"JULEN Y LA GENTE SOLA, la banda indie uruguaya se presentar\u00e1 en el LIMA POPFEST de Per\u00fa"},"content":{"rendered":"<p>\u201cSomos una banda y hacemos canciones\u201d es la clara y contundente declaraci\u00f3n de principios de Julen y la gente sola, la banda indie montevideana que ser\u00e1 parte de la cuarta edici\u00f3n del Lima Popfest del 30 de abril de 2016 en cuya programaci\u00f3n participar\u00e1n bandas de Per\u00fa, Argentina, Chile, Uruguay y M\u00e9xico.<\/p>\n","protected":false},"excerpt":{"rendered":"<p>\u201cSomos una banda y hacemos canciones\u201d es la clara y contundente declaraci\u00f3n de principios de Julen y la gente sola, la banda indie montevideana que ser\u00e1 parte de la cuarta edici\u00f3n del Lima Popfest del 30 de abril de 2016 en cuya programaci\u00f3n participar\u00e1n bandas de Per\u00fa, Argentina, Chile, Uruguay y M\u00e9xico.<\/p>\n","protected":false},"author":1,"featured_media":8531,"comment_status":"closed","ping_status":"closed","sticky":false,"template":"","format":"standard","meta":{"footnotes":""},"categories":[53,1],"tags":[],"class_list":["post-5696","post","type-post","status-publish","format-standard","has-post-thumbnail","hentry","category-noticias-generales","category-uncategorized"],"lang":"es","translations":{"es":5696},"pll_sync_post":[],"post_mailing_queue_ids":[],"_links":{"self":[{"href":"http:\/\/staging.ibermusicas.org\/index.php\/wp-json\/wp\/v2\/posts\/5696","targetHints":{"allow":["GET"]}}],"collection":[{"href":"http:\/\/staging.ibermusicas.org\/index.php\/wp-json\/wp\/v2\/posts"}],"about":[{"href":"http:\/\/staging.ibermusicas.org\/index.php\/wp-json\/wp\/v2\/types\/post"}],"author":[{"embeddable":true,"href":"http:\/\/staging.ibermusicas.org\/index.php\/wp-json\/wp\/v2\/users\/1"}],"replies":[{"embeddable":true,"href":"http:\/\/staging.ibermusicas.org\/index.php\/wp-json\/wp\/v2\/comments?post=5696"}],"version-history":[{"count":1,"href":"http:\/\/staging.ibermusicas.org\/index.php\/wp-json\/wp\/v2\/posts\/5696\/revisions"}],"predecessor-version":[{"id":5731,"href":"http:\/\/staging.ibermusicas.org\/index.php\/wp-json\/wp\/v2\/posts\/5696\/revisions\/5731"}],"wp:featuredmedia":[{"embeddable":true,"href":"http:\/\/staging.ibermusicas.org\/index.php\/wp-json\/wp\/v2\/media\/8531"}],"wp:attachment":[{"href":"http:\/\/staging.ibermusicas.org\/index.php\/wp-json\/wp\/v2\/media?parent=5696"}],"wp:term":[{"taxonomy":"category","embeddable":true,"href":"http:\/\/staging.ibermusicas.org\/index.php\/wp-json\/wp\/v2\/categories?post=5696"},{"taxonomy":"post_tag","embeddable":true,"href":"http:\/\/staging.ibermusicas.org\/index.php\/wp-json\/wp\/v2\/tags?post=5696"}],"curies":[{"name":"wp","href":"https:\/\/api.w.org\/{rel}","templated":true}]}}