{"id":5701,"date":"2016-05-20T10:55:54","date_gmt":"2016-05-20T10:55:54","guid":{"rendered":"http:\/\/staging.ibermusicas.org\/?p=5701"},"modified":"2021-04-26T10:57:42","modified_gmt":"2021-04-26T10:57:42","slug":"el-grupo-de-jazz-melchaka-de-uruguay-viaja-al-fest-jazz-en-lima-peru","status":"publish","type":"post","link":"http:\/\/staging.ibermusicas.org\/index.php\/el-grupo-de-jazz-melchaka-de-uruguay-viaja-al-fest-jazz-en-lima-peru\/","title":{"rendered":"El grupo de Jazz MELCHAKA de Uruguay, viaja al FEST JAZZ en Lima, Per\u00fa"},"content":{"rendered":"<p>Melchaka es un grupo de m\u00fasica instrumental y canci\u00f3n que adapta aquella enorme palabra \u00abjazz\u00bb a los colores de su pa\u00eds; Uruguay y de America Latina. <\/p>\n","protected":false},"excerpt":{"rendered":"<p>Melchaka es un grupo de m\u00fasica instrumental y canci\u00f3n que adapta aquella enorme palabra \u00abjazz\u00bb a los colores de su pa\u00eds; Uruguay y de America Latina.<\/p>\n","protected":false},"author":1,"featured_media":5702,"comment_status":"closed","ping_status":"closed","sticky":false,"template":"","format":"standard","meta":{"footnotes":""},"categories":[53],"tags":[],"class_list":["post-5701","post","type-post","status-publish","format-standard","has-post-thumbnail","hentry","category-noticias-generales"],"lang":"es","translations":{"es":5701},"pll_sync_post":[],"post_mailing_queue_ids":[],"_links":{"self":[{"href":"http:\/\/staging.ibermusicas.org\/index.php\/wp-json\/wp\/v2\/posts\/5701","targetHints":{"allow":["GET"]}}],"collection":[{"href":"http:\/\/staging.ibermusicas.org\/index.php\/wp-json\/wp\/v2\/posts"}],"about":[{"href":"http:\/\/staging.ibermusicas.org\/index.php\/wp-json\/wp\/v2\/types\/post"}],"author":[{"embeddable":true,"href":"http:\/\/staging.ibermusicas.org\/index.php\/wp-json\/wp\/v2\/users\/1"}],"replies":[{"embeddable":true,"href":"http:\/\/staging.ibermusicas.org\/index.php\/wp-json\/wp\/v2\/comments?post=5701"}],"version-history":[{"count":1,"href":"http:\/\/staging.ibermusicas.org\/index.php\/wp-json\/wp\/v2\/posts\/5701\/revisions"}],"predecessor-version":[{"id":5703,"href":"http:\/\/staging.ibermusicas.org\/index.php\/wp-json\/wp\/v2\/posts\/5701\/revisions\/5703"}],"wp:featuredmedia":[{"embeddable":true,"href":"http:\/\/staging.ibermusicas.org\/index.php\/wp-json\/wp\/v2\/media\/5702"}],"wp:attachment":[{"href":"http:\/\/staging.ibermusicas.org\/index.php\/wp-json\/wp\/v2\/media?parent=5701"}],"wp:term":[{"taxonomy":"category","embeddable":true,"href":"http:\/\/staging.ibermusicas.org\/index.php\/wp-json\/wp\/v2\/categories?post=5701"},{"taxonomy":"post_tag","embeddable":true,"href":"http:\/\/staging.ibermusicas.org\/index.php\/wp-json\/wp\/v2\/tags?post=5701"}],"curies":[{"name":"wp","href":"https:\/\/api.w.org\/{rel}","templated":true}]}}