{"id":5704,"date":"2016-03-21T10:58:00","date_gmt":"2016-03-21T10:58:00","guid":{"rendered":"http:\/\/staging.ibermusicas.org\/?p=5704"},"modified":"2021-04-26T11:11:50","modified_gmt":"2021-04-26T11:11:50","slug":"los-tetas-de-chile-seran-parte-de-la-primera-parada-selvamonos-en-peru","status":"publish","type":"post","link":"http:\/\/staging.ibermusicas.org\/index.php\/los-tetas-de-chile-seran-parte-de-la-primera-parada-selvamonos-en-peru\/","title":{"rendered":"LOS TETAS de Chile ser\u00e1n parte de la PRIMERA PARADA SELVAMONOS en Per\u00fa"},"content":{"rendered":"<p>Los Tetas es una banda chilena nacida en el a\u00f1o 1994, bajo la influencia de los grandes maestros de la m\u00fasica negra de los a\u00f1os 70. Funk, hip-hop, rock y soul fusionados dan como resultado un sonido evolucionado y de vanguardia. <\/p>\n","protected":false},"excerpt":{"rendered":"<p>Los Tetas es una banda chilena nacida en el a\u00f1o 1994, bajo la influencia de los grandes maestros de la m\u00fasica negra de los a\u00f1os 70. Funk, hip-hop, rock y soul fusionados dan como resultado un sonido evolucionado y de vanguardia.<\/p>\n","protected":false},"author":1,"featured_media":5705,"comment_status":"closed","ping_status":"closed","sticky":false,"template":"","format":"standard","meta":{"footnotes":""},"categories":[53],"tags":[],"class_list":["post-5704","post","type-post","status-publish","format-standard","has-post-thumbnail","hentry","category-noticias-generales"],"lang":"es","translations":{"es":5704},"pll_sync_post":[],"post_mailing_queue_ids":[],"_links":{"self":[{"href":"http:\/\/staging.ibermusicas.org\/index.php\/wp-json\/wp\/v2\/posts\/5704","targetHints":{"allow":["GET"]}}],"collection":[{"href":"http:\/\/staging.ibermusicas.org\/index.php\/wp-json\/wp\/v2\/posts"}],"about":[{"href":"http:\/\/staging.ibermusicas.org\/index.php\/wp-json\/wp\/v2\/types\/post"}],"author":[{"embeddable":true,"href":"http:\/\/staging.ibermusicas.org\/index.php\/wp-json\/wp\/v2\/users\/1"}],"replies":[{"embeddable":true,"href":"http:\/\/staging.ibermusicas.org\/index.php\/wp-json\/wp\/v2\/comments?post=5704"}],"version-history":[{"count":1,"href":"http:\/\/staging.ibermusicas.org\/index.php\/wp-json\/wp\/v2\/posts\/5704\/revisions"}],"predecessor-version":[{"id":5706,"href":"http:\/\/staging.ibermusicas.org\/index.php\/wp-json\/wp\/v2\/posts\/5704\/revisions\/5706"}],"wp:featuredmedia":[{"embeddable":true,"href":"http:\/\/staging.ibermusicas.org\/index.php\/wp-json\/wp\/v2\/media\/5705"}],"wp:attachment":[{"href":"http:\/\/staging.ibermusicas.org\/index.php\/wp-json\/wp\/v2\/media?parent=5704"}],"wp:term":[{"taxonomy":"category","embeddable":true,"href":"http:\/\/staging.ibermusicas.org\/index.php\/wp-json\/wp\/v2\/categories?post=5704"},{"taxonomy":"post_tag","embeddable":true,"href":"http:\/\/staging.ibermusicas.org\/index.php\/wp-json\/wp\/v2\/tags?post=5704"}],"curies":[{"name":"wp","href":"https:\/\/api.w.org\/{rel}","templated":true}]}}